{"id":1010,"date":"2018-02-27T15:06:12","date_gmt":"2018-02-27T14:06:12","guid":{"rendered":"https:\/\/www.telefonkonferenz.de\/blog\/?p=1010"},"modified":"2020-11-30T17:10:20","modified_gmt":"2020-11-30T16:10:20","slug":"samsung-stellt-galaxy-s9-vor","status":"publish","type":"post","link":"https:\/\/www.telefonkonferenz.de\/blog\/samsung-stellt-galaxy-s9-vor\/","title":{"rendered":"Samsung stellt Galaxy S9 vor"},"content":{"rendered":"<p>Bereits seit einigen Wochen brodelte die Ger\u00fcchtek\u00fcche um das neue Flaggschiff-Modell aus dem Hause Samsung. Vergangenen Sonntag war es endlich soweit: Der Marktf\u00fchrer pr\u00e4sentierte auf der Mobilfunkmesse MWC in Barcelona seine neuen Modelle Galaxy S9 und Galaxy S9+.<!--more--><\/p>\n<h2><strong>Fokus auf moderne Kommunikation<\/strong><\/h2>\n<p><a href=\"http:\/\/www.samsung.com\/at\/news\/product-\/samsung-galaxy-s9-und-galaxy-s9-plus\/\">Samsung<\/a> hat sich in der Entwicklung insbesondere auf die Kamera konzentriert, um bei der Social-Media-Generation Anklang zu finden. So soll die 12 Megapixel Hauptkamera auch bei schlechten Verh\u00e4ltnissen, etwa bei Nacht, noch scharfe, detailreiche Bilder schie\u00dfen k\u00f6nnen. Dies erm\u00f6glicht neben verbesserten Sensoren auch eine variable Blende, wie sie bei Fotoapparaten \u00fcblich ist. Auch kommen \u00e4hnlich wie beim <a href=\"https:\/\/www.telefonkonferenz.de\/blog\/die-highlights-der-apple-keynote-2017\/\">iPhone X<\/a> Augmented-Reality-Techniken zum Einsatz. Nutzer k\u00f6nnen ihre Gesichtsz\u00fcge mit der Kamera aufnehmen, woraus das Smartphone ein 3D-Modell erstellt. Diese k\u00f6nnen wiederum im GIF-Format mit Freunden geteilt werden.<\/p>\n<p>Auch die Videofunktionen des Ger\u00e4ts sind an moderne Nutzungsformen angepasst. Die Kamera verf\u00fcgt \u00fcber einen Zeitlupenmodus bei dem 960 Bilder pro Sekunde aufgenommen werden.<\/p>\n<p><img class=\"aligncenter size-full wp-image-1013\" src=\"https:\/\/www.telefonkonferenz.de\/blog\/wp-content\/uploads\/2018\/02\/samsung-galaxy.jpg\" alt=\"\" width=\"453\" height=\"640\" \/><\/p>\n<h2><strong>Technische Eckdaten<\/strong><\/h2>\n<p>Im Galaxy S9 kommt ein hochaufl\u00f6sender 5,8 Zoll-AMOLED-Bildschirm zum Einsatz, beim S9+ sind es sogar 6,2 Zoll. Auch beim Arbeitsspeicher ist die Plus-Variante etwas besser ausgestattet: Das S9 verf\u00fcgt \u00fcber vier, das S9+ \u00fcber sechs Gigabyte RAM. Des Weiteren hat das Galaxy S9+ mit 3500 mAh einen gr\u00f6\u00dferen Akku als das normale Modell (3000 mAh). Praktisch wenn man das Galaxy S9+ als Telefonkonferenz-Handy nutzt.<\/p>\n<p>Beide Varianten sind grunds\u00e4tzlich wasserdicht. Laut Hersteller gilt dies f\u00fcr ein Untertauchen bis 1,5 Meter f\u00fcr 30 Minuten in S\u00fc\u00dfwasser. Sowohl S9 als auch S9+ k\u00f6nnen mittels microSD um bis zu 400 Gigabyte Speicher erweitert werden. Es gibt beide Modelle mit 64 oder 256 Gigabyte Speicher. Allerdings sind bei Verkaufsstart am 16. M\u00e4rz in Deutschland nur die 64-Gigabyte-Ausf\u00fchrungen verf\u00fcgbar. Das Galaxy S9 kostet 849 Euro und das Galaxy S9+ 949 Euro.<\/p>\n<p>Bilder: Samsung<\/p>\n","protected":false},"excerpt":{"rendered":"<p>Bereits seit einigen Wochen brodelte die Ger\u00fcchtek\u00fcche um das neue Flaggschiff-Modell aus dem Hause Samsung. Vergangenen Sonntag war es endlich soweit: Der Marktf\u00fchrer pr\u00e4sentierte auf der Mobilfunkmesse MWC in Barcelona<\/p>\n<div class=\"more-link-wrapper\"><a class=\"more-link\" href=\"https:\/\/www.telefonkonferenz.de\/blog\/samsung-stellt-galaxy-s9-vor\/\">Weiterlesen<span class=\"screen-reader-text\">Samsung stellt Galaxy S9 vor<\/span><\/a><\/div>\n","protected":false},"author":2,"featured_media":0,"comment_status":"open","ping_status":"open","sticky":false,"template":"","format":"standard","meta":{"_monsterinsights_skip_tracking":false,"_monsterinsights_sitenote_active":false,"_monsterinsights_sitenote_note":"","_monsterinsights_sitenote_category":0},"categories":[2],"tags":[124,137,23],"yoast_head":"<!-- This site is optimized with the Yoast SEO plugin v17.3 - https:\/\/yoast.com\/wordpress\/plugins\/seo\/ -->\n<title>Samsung stellt Galaxy S9 vor - Telefonkonferenz.de-Blog<\/title>\n<meta name=\"description\" content=\"Samsung Galaxy S9 und S9+: Wichtigste technische Eckdaten und Details \u00fcber die verbesserte Kamera.\" \/>\n<meta name=\"robots\" content=\"index, follow, max-snippet:-1, max-image-preview:large, max-video-preview:-1\" \/>\n<link rel=\"canonical\" href=\"https:\/\/www.telefonkonferenz.de\/blog\/samsung-stellt-galaxy-s9-vor\/\" \/>\n<meta property=\"og:locale\" content=\"de_DE\" \/>\n<meta property=\"og:type\" content=\"article\" \/>\n<meta property=\"og:title\" content=\"Samsung stellt Galaxy S9 vor - Telefonkonferenz.de-Blog\" \/>\n<meta property=\"og:url\" content=\"https:\/\/www.telefonkonferenz.de\/blog\/samsung-stellt-galaxy-s9-vor\/\" \/>\n<meta property=\"og:site_name\" content=\"Telefonkonferenz.de-Blog\" \/>\n<meta property=\"article:publisher\" content=\"https:\/\/www.facebook.com\/TelefonkonferenzDe\/\" \/>\n<meta property=\"article:published_time\" content=\"2018-02-27T14:06:12+00:00\" \/>\n<meta property=\"article:modified_time\" content=\"2020-11-30T16:10:20+00:00\" \/>\n<meta property=\"og:image\" content=\"https:\/\/www.telefonkonferenz.de\/blog\/wp-content\/uploads\/2018\/02\/samsung-galaxy-s9.jpg\" \/>\n\t<meta property=\"og:image:width\" content=\"640\" \/>\n\t<meta property=\"og:image:height\" content=\"411\" \/>\n<meta name=\"twitter:card\" content=\"summary_large_image\" \/>\n<meta name=\"twitter:creator\" content=\"@Telko_DE\" \/>\n<meta name=\"twitter:site\" content=\"@Telko_DE\" \/>\n<meta name=\"twitter:label1\" content=\"Verfasst von\" \/>\n\t<meta name=\"twitter:data1\" content=\"Felix\" \/>\n\t<meta name=\"twitter:label2\" content=\"Gesch\u00e4tzte Lesezeit\" \/>\n\t<meta name=\"twitter:data2\" content=\"2\u00a0Minuten\" \/>\n<script type=\"application\/ld+json\" class=\"yoast-schema-graph\">{\"@context\":\"https:\/\/schema.org\",\"@graph\":[{\"@type\":\"Organization\",\"@id\":\"https:\/\/www.telefonkonferenz.de\/blog\/#organization\",\"name\":\"Telefonkonferenz.de\",\"url\":\"https:\/\/www.telefonkonferenz.de\/blog\/\",\"sameAs\":[\"https:\/\/www.facebook.com\/TelefonkonferenzDe\/\",\"https:\/\/twitter.com\/Telko_DE\"],\"logo\":{\"@type\":\"ImageObject\",\"@id\":\"https:\/\/www.telefonkonferenz.de\/blog\/#logo\",\"inLanguage\":\"de\",\"url\":\"https:\/\/www.telefonkonferenz.de\/blog\/wp-content\/uploads\/2016\/02\/telefonkonferenz-icon-1024.png\",\"contentUrl\":\"https:\/\/www.telefonkonferenz.de\/blog\/wp-content\/uploads\/2016\/02\/telefonkonferenz-icon-1024.png\",\"width\":1024,\"height\":1024,\"caption\":\"Telefonkonferenz.de\"},\"image\":{\"@id\":\"https:\/\/www.telefonkonferenz.de\/blog\/#logo\"}},{\"@type\":\"WebSite\",\"@id\":\"https:\/\/www.telefonkonferenz.de\/blog\/#website\",\"url\":\"https:\/\/www.telefonkonferenz.de\/blog\/\",\"name\":\"Telefonkonferenz.de-Blog\",\"description\":\"\",\"publisher\":{\"@id\":\"https:\/\/www.telefonkonferenz.de\/blog\/#organization\"},\"potentialAction\":[{\"@type\":\"SearchAction\",\"target\":{\"@type\":\"EntryPoint\",\"urlTemplate\":\"https:\/\/www.telefonkonferenz.de\/blog\/?s={search_term_string}\"},\"query-input\":\"required name=search_term_string\"}],\"inLanguage\":\"de\"},{\"@type\":\"ImageObject\",\"@id\":\"https:\/\/www.telefonkonferenz.de\/blog\/samsung-stellt-galaxy-s9-vor\/#primaryimage\",\"inLanguage\":\"de\",\"url\":\"https:\/\/www.telefonkonferenz.de\/blog\/wp-content\/uploads\/2018\/02\/samsung-galaxy.jpg\",\"contentUrl\":\"https:\/\/www.telefonkonferenz.de\/blog\/wp-content\/uploads\/2018\/02\/samsung-galaxy.jpg\"},{\"@type\":\"WebPage\",\"@id\":\"https:\/\/www.telefonkonferenz.de\/blog\/samsung-stellt-galaxy-s9-vor\/#webpage\",\"url\":\"https:\/\/www.telefonkonferenz.de\/blog\/samsung-stellt-galaxy-s9-vor\/\",\"name\":\"Samsung stellt Galaxy S9 vor - Telefonkonferenz.de-Blog\",\"isPartOf\":{\"@id\":\"https:\/\/www.telefonkonferenz.de\/blog\/#website\"},\"primaryImageOfPage\":{\"@id\":\"https:\/\/www.telefonkonferenz.de\/blog\/samsung-stellt-galaxy-s9-vor\/#primaryimage\"},\"datePublished\":\"2018-02-27T14:06:12+00:00\",\"dateModified\":\"2020-11-30T16:10:20+00:00\",\"description\":\"Samsung Galaxy S9 und S9+: Wichtigste technische Eckdaten und Details \\u00fcber die verbesserte Kamera.\",\"breadcrumb\":{\"@id\":\"https:\/\/www.telefonkonferenz.de\/blog\/samsung-stellt-galaxy-s9-vor\/#breadcrumb\"},\"inLanguage\":\"de\",\"potentialAction\":[{\"@type\":\"ReadAction\",\"target\":[\"https:\/\/www.telefonkonferenz.de\/blog\/samsung-stellt-galaxy-s9-vor\/\"]}]},{\"@type\":\"BreadcrumbList\",\"@id\":\"https:\/\/www.telefonkonferenz.de\/blog\/samsung-stellt-galaxy-s9-vor\/#breadcrumb\",\"itemListElement\":[{\"@type\":\"ListItem\",\"position\":1,\"name\":\"Home\",\"item\":\"https:\/\/www.telefonkonferenz.de\/blog\/\"},{\"@type\":\"ListItem\",\"position\":2,\"name\":\"Samsung stellt Galaxy S9 vor\"}]},{\"@type\":\"Article\",\"@id\":\"https:\/\/www.telefonkonferenz.de\/blog\/samsung-stellt-galaxy-s9-vor\/#article\",\"isPartOf\":{\"@id\":\"https:\/\/www.telefonkonferenz.de\/blog\/samsung-stellt-galaxy-s9-vor\/#webpage\"},\"author\":{\"@id\":\"https:\/\/www.telefonkonferenz.de\/blog\/#\/schema\/person\/e2180a28a52721fd9707c0b0261b83fe\"},\"headline\":\"Samsung stellt Galaxy S9 vor\",\"datePublished\":\"2018-02-27T14:06:12+00:00\",\"dateModified\":\"2020-11-30T16:10:20+00:00\",\"mainEntityOfPage\":{\"@id\":\"https:\/\/www.telefonkonferenz.de\/blog\/samsung-stellt-galaxy-s9-vor\/#webpage\"},\"wordCount\":305,\"commentCount\":0,\"publisher\":{\"@id\":\"https:\/\/www.telefonkonferenz.de\/blog\/#organization\"},\"image\":{\"@id\":\"https:\/\/www.telefonkonferenz.de\/blog\/samsung-stellt-galaxy-s9-vor\/#primaryimage\"},\"thumbnailUrl\":\"https:\/\/www.telefonkonferenz.de\/blog\/wp-content\/uploads\/2018\/02\/samsung-galaxy.jpg\",\"keywords\":[\"Mobiltelefon\",\"Samsung\",\"Technologie\"],\"articleSection\":[\"Nachrichten\"],\"inLanguage\":\"de\",\"potentialAction\":[{\"@type\":\"CommentAction\",\"name\":\"Comment\",\"target\":[\"https:\/\/www.telefonkonferenz.de\/blog\/samsung-stellt-galaxy-s9-vor\/#respond\"]}]},{\"@type\":\"Person\",\"@id\":\"https:\/\/www.telefonkonferenz.de\/blog\/#\/schema\/person\/e2180a28a52721fd9707c0b0261b83fe\",\"name\":\"Felix\",\"url\":\"https:\/\/www.telefonkonferenz.de\/blog\/author\/felix\/\"}]}<\/script>\n<!-- \/ Yoast SEO plugin. -->","yoast_head_json":{"title":"Samsung stellt Galaxy S9 vor - Telefonkonferenz.de-Blog","description":"Samsung Galaxy S9 und S9+: Wichtigste technische Eckdaten und Details \u00fcber die verbesserte Kamera.","robots":{"index":"index","follow":"follow","max-snippet":"max-snippet:-1","max-image-preview":"max-image-preview:large","max-video-preview":"max-video-preview:-1"},"canonical":"https:\/\/www.telefonkonferenz.de\/blog\/samsung-stellt-galaxy-s9-vor\/","og_locale":"de_DE","og_type":"article","og_title":"Samsung stellt Galaxy S9 vor - Telefonkonferenz.de-Blog","og_url":"https:\/\/www.telefonkonferenz.de\/blog\/samsung-stellt-galaxy-s9-vor\/","og_site_name":"Telefonkonferenz.de-Blog","article_publisher":"https:\/\/www.facebook.com\/TelefonkonferenzDe\/","article_published_time":"2018-02-27T14:06:12+00:00","article_modified_time":"2020-11-30T16:10:20+00:00","og_image":[{"width":640,"height":411,"url":"https:\/\/www.telefonkonferenz.de\/blog\/wp-content\/uploads\/2018\/02\/samsung-galaxy-s9.jpg","type":"image\/jpeg"}],"twitter_card":"summary_large_image","twitter_creator":"@Telko_DE","twitter_site":"@Telko_DE","twitter_misc":{"Verfasst von":"Felix","Gesch\u00e4tzte Lesezeit":"2\u00a0Minuten"},"schema":{"@context":"https:\/\/schema.org","@graph":[{"@type":"Organization","@id":"https:\/\/www.telefonkonferenz.de\/blog\/#organization","name":"Telefonkonferenz.de","url":"https:\/\/www.telefonkonferenz.de\/blog\/","sameAs":["https:\/\/www.facebook.com\/TelefonkonferenzDe\/","https:\/\/twitter.com\/Telko_DE"],"logo":{"@type":"ImageObject","@id":"https:\/\/www.telefonkonferenz.de\/blog\/#logo","inLanguage":"de","url":"https:\/\/www.telefonkonferenz.de\/blog\/wp-content\/uploads\/2016\/02\/telefonkonferenz-icon-1024.png","contentUrl":"https:\/\/www.telefonkonferenz.de\/blog\/wp-content\/uploads\/2016\/02\/telefonkonferenz-icon-1024.png","width":1024,"height":1024,"caption":"Telefonkonferenz.de"},"image":{"@id":"https:\/\/www.telefonkonferenz.de\/blog\/#logo"}},{"@type":"WebSite","@id":"https:\/\/www.telefonkonferenz.de\/blog\/#website","url":"https:\/\/www.telefonkonferenz.de\/blog\/","name":"Telefonkonferenz.de-Blog","description":"","publisher":{"@id":"https:\/\/www.telefonkonferenz.de\/blog\/#organization"},"potentialAction":[{"@type":"SearchAction","target":{"@type":"EntryPoint","urlTemplate":"https:\/\/www.telefonkonferenz.de\/blog\/?s={search_term_string}"},"query-input":"required name=search_term_string"}],"inLanguage":"de"},{"@type":"ImageObject","@id":"https:\/\/www.telefonkonferenz.de\/blog\/samsung-stellt-galaxy-s9-vor\/#primaryimage","inLanguage":"de","url":"https:\/\/www.telefonkonferenz.de\/blog\/wp-content\/uploads\/2018\/02\/samsung-galaxy.jpg","contentUrl":"https:\/\/www.telefonkonferenz.de\/blog\/wp-content\/uploads\/2018\/02\/samsung-galaxy.jpg"},{"@type":"WebPage","@id":"https:\/\/www.telefonkonferenz.de\/blog\/samsung-stellt-galaxy-s9-vor\/#webpage","url":"https:\/\/www.telefonkonferenz.de\/blog\/samsung-stellt-galaxy-s9-vor\/","name":"Samsung stellt Galaxy S9 vor - Telefonkonferenz.de-Blog","isPartOf":{"@id":"https:\/\/www.telefonkonferenz.de\/blog\/#website"},"primaryImageOfPage":{"@id":"https:\/\/www.telefonkonferenz.de\/blog\/samsung-stellt-galaxy-s9-vor\/#primaryimage"},"datePublished":"2018-02-27T14:06:12+00:00","dateModified":"2020-11-30T16:10:20+00:00","description":"Samsung Galaxy S9 und S9+: Wichtigste technische Eckdaten und Details \u00fcber die verbesserte Kamera.","breadcrumb":{"@id":"https:\/\/www.telefonkonferenz.de\/blog\/samsung-stellt-galaxy-s9-vor\/#breadcrumb"},"inLanguage":"de","potentialAction":[{"@type":"ReadAction","target":["https:\/\/www.telefonkonferenz.de\/blog\/samsung-stellt-galaxy-s9-vor\/"]}]},{"@type":"BreadcrumbList","@id":"https:\/\/www.telefonkonferenz.de\/blog\/samsung-stellt-galaxy-s9-vor\/#breadcrumb","itemListElement":[{"@type":"ListItem","position":1,"name":"Home","item":"https:\/\/www.telefonkonferenz.de\/blog\/"},{"@type":"ListItem","position":2,"name":"Samsung stellt Galaxy S9 vor"}]},{"@type":"Article","@id":"https:\/\/www.telefonkonferenz.de\/blog\/samsung-stellt-galaxy-s9-vor\/#article","isPartOf":{"@id":"https:\/\/www.telefonkonferenz.de\/blog\/samsung-stellt-galaxy-s9-vor\/#webpage"},"author":{"@id":"https:\/\/www.telefonkonferenz.de\/blog\/#\/schema\/person\/e2180a28a52721fd9707c0b0261b83fe"},"headline":"Samsung stellt Galaxy S9 vor","datePublished":"2018-02-27T14:06:12+00:00","dateModified":"2020-11-30T16:10:20+00:00","mainEntityOfPage":{"@id":"https:\/\/www.telefonkonferenz.de\/blog\/samsung-stellt-galaxy-s9-vor\/#webpage"},"wordCount":305,"commentCount":0,"publisher":{"@id":"https:\/\/www.telefonkonferenz.de\/blog\/#organization"},"image":{"@id":"https:\/\/www.telefonkonferenz.de\/blog\/samsung-stellt-galaxy-s9-vor\/#primaryimage"},"thumbnailUrl":"https:\/\/www.telefonkonferenz.de\/blog\/wp-content\/uploads\/2018\/02\/samsung-galaxy.jpg","keywords":["Mobiltelefon","Samsung","Technologie"],"articleSection":["Nachrichten"],"inLanguage":"de","potentialAction":[{"@type":"CommentAction","name":"Comment","target":["https:\/\/www.telefonkonferenz.de\/blog\/samsung-stellt-galaxy-s9-vor\/#respond"]}]},{"@type":"Person","@id":"https:\/\/www.telefonkonferenz.de\/blog\/#\/schema\/person\/e2180a28a52721fd9707c0b0261b83fe","name":"Felix","url":"https:\/\/www.telefonkonferenz.de\/blog\/author\/felix\/"}]}},"_links":{"self":[{"href":"https:\/\/www.telefonkonferenz.de\/blog\/wp-json\/wp\/v2\/posts\/1010"}],"collection":[{"href":"https:\/\/www.telefonkonferenz.de\/blog\/wp-json\/wp\/v2\/posts"}],"about":[{"href":"https:\/\/www.telefonkonferenz.de\/blog\/wp-json\/wp\/v2\/types\/post"}],"author":[{"embeddable":true,"href":"https:\/\/www.telefonkonferenz.de\/blog\/wp-json\/wp\/v2\/users\/2"}],"replies":[{"embeddable":true,"href":"https:\/\/www.telefonkonferenz.de\/blog\/wp-json\/wp\/v2\/comments?post=1010"}],"version-history":[{"count":4,"href":"https:\/\/www.telefonkonferenz.de\/blog\/wp-json\/wp\/v2\/posts\/1010\/revisions"}],"predecessor-version":[{"id":2042,"href":"https:\/\/www.telefonkonferenz.de\/blog\/wp-json\/wp\/v2\/posts\/1010\/revisions\/2042"}],"wp:attachment":[{"href":"https:\/\/www.telefonkonferenz.de\/blog\/wp-json\/wp\/v2\/media?parent=1010"}],"wp:term":[{"taxonomy":"category","embeddable":true,"href":"https:\/\/www.telefonkonferenz.de\/blog\/wp-json\/wp\/v2\/categories?post=1010"},{"taxonomy":"post_tag","embeddable":true,"href":"https:\/\/www.telefonkonferenz.de\/blog\/wp-json\/wp\/v2\/tags?post=1010"}],"curies":[{"name":"wp","href":"https:\/\/api.w.org\/{rel}","templated":true}]}}