{"id":1020,"date":"2018-03-09T17:29:04","date_gmt":"2018-03-09T16:29:04","guid":{"rendered":"https:\/\/www.telefonkonferenz.de\/blog\/?p=1020"},"modified":"2018-03-16T15:35:24","modified_gmt":"2018-03-16T14:35:24","slug":"samsung-arbeitet-an-neuem-handy-akku","status":"publish","type":"post","link":"https:\/\/www.telefonkonferenz.de\/blog\/samsung-arbeitet-an-neuem-handy-akku\/","title":{"rendered":"Samsung unterst\u00fctzt Forschung an neuem Handy-Akku"},"content":{"rendered":"<p>Die Batterieleistung bei Smartphones ist ein immer wichtigeres Thema in den vergangenen Jahren geworden. Nun arbeiten s\u00fcdkoreanische Forscher an einer neuen Technologie, die das Problem langfristig l\u00f6sen soll.<!--more--><\/p>\n<h2><strong>Lithium-Akku hat viele Nachteile<\/strong><\/h2>\n<p>Der herk\u00f6mmliche Handy-Akku \u2013 kurz f\u00fcr Akkumulator \u2013 funktioniert auf der Basis von Lithium-Verbindungen. Diese Technik wurde 1991 erstmals von Sony auf den Markt gebracht und wurde zun\u00e4chst in Kameras verwendet. Inzwischen wird ein Gro\u00dfteil der tragbaren Elektroger\u00e4te wie Tablets, Digitalkameras oder Notebooks von solchen Lithium-Akkus angetrieben. Auch in Elektrofahrzeugen werden sie verbaut.<\/p>\n<p>Allerdings weisen diese Lithium-Akkus wesentliche Nachteile auf. So haben die Batterien eine begrenzte Lebensdauer &#8211; zwar gehen die meisten Hersteller von rund 1.000 Ladezyklen aus, allerdings macht in den meisten F\u00e4llen der Handy-Akku fr\u00fcher schlapp. Der Grund: ein \u201eTeilladen\u201c, also ein Aufladen bei nicht leerem Akkustand, erh\u00f6ht den Verschlei\u00df. Dadurch kann es bereits wesentlich fr\u00fcher zu l\u00e4ngeren Ladezeiten oder k\u00fcrzerer Akkuleistung kommen. Ein weiterer Minuspunkt ist die <a href=\"https:\/\/www.telefonkonferenz.de\/blog\/fuenf-tipps-fuer-ihr-handy-im-winter\/\">Temperaturempfindlichkeit<\/a> im Betrieb und die gro\u00dfe Umweltbelastung bei der Herstellung und der Entsorgung der Lithium-Akkus.<\/p>\n<h2><strong>Kooperation von Samsung mit s\u00fcdkoreanischer Universit\u00e4t<\/strong><\/h2>\n<p><a href=\"http:\/\/www.kaist.ac.kr\/_prog\/_board\/?code=ed_news&amp;mode=V&amp;no=77361&amp;upr_ntt_no=77361&amp;site_dvs_cd=en&amp;menu_dvs_cd=0601\">Wissenschaftler des Korea Advanced Institute of Science and Technology<\/a> in S\u00fcdkorea\u00a0stellten k\u00fcrzlich einen neuen Akku vor, der im Vergleich zur Lithiumbauweise viele Vorteile besitzt: der wasserbasierte Hybridkondensator. Dieser soll mehr als 100.000 Ladezyklen ohne Probleme \u00fcberstehen. Dar\u00fcber hinaus betr\u00e4gt die Ladezeit nur einen Bruchteil von der eines herk\u00f6mmlichen Akkus. So w\u00fcrde ein Handy-Akku auf Basis von wasserbasierter Hybridkondensatoren nur wenige Minuten zum Vollladen ben\u00f6tigen. Auch die Herstellung ist wesentlich g\u00fcnstiger und umweltfreundlicher als bei der Lithium-Technologie. Die Leistung soll ebenfalls viel h\u00f6her sein, was bedeutet das auch lange Telefonkonferenzen oder Arbeiten am Smartphone in Zukunft ohne Aufladen m\u00f6glich sein k\u00f6nnten.<\/p>\n<p>Derzeit sind die Modelle der s\u00fcdkoreanischen Wissenschaftler jedoch noch nicht als Handy-Akku nutzbar. Deshalb unterst\u00fctzt Samsung die Forschung, um m\u00f6glichst bald die neue Technologie in ihre Ger\u00e4te zu implementieren. Wann das sein wird, ist allerdings noch unklar.<\/p>\n","protected":false},"excerpt":{"rendered":"<p>Die Batterieleistung bei Smartphones ist ein immer wichtigeres Thema in den vergangenen Jahren geworden. Nun arbeiten s\u00fcdkoreanische Forscher an einer neuen Technologie, die das Problem langfristig l\u00f6sen soll.<\/p>\n","protected":false},"author":2,"featured_media":0,"comment_status":"open","ping_status":"open","sticky":false,"template":"","format":"standard","meta":{"_monsterinsights_skip_tracking":false,"_monsterinsights_sitenote_active":false,"_monsterinsights_sitenote_note":"","_monsterinsights_sitenote_category":0},"categories":[21],"tags":[124,137,148,23],"yoast_head":"<!-- This site is optimized with the Yoast SEO plugin v17.3 - https:\/\/yoast.com\/wordpress\/plugins\/seo\/ -->\n<title>Samsung unterst\u00fctzt Forschung an neuem Handy-Akku - Telefonkonferenz.de-Blog<\/title>\n<meta name=\"description\" content=\"Samsung unterst\u00fctzt die Forschung am Korea Advanced Institute of Science and Technology f\u00fcr einen neuen Handy-Akku. Dieser verspricht h\u00f6here Leistung, k\u00fcrzere Ladezeiten und eine geringere Umweltbelastung.\" \/>\n<meta name=\"robots\" content=\"index, follow, max-snippet:-1, max-image-preview:large, max-video-preview:-1\" \/>\n<link rel=\"canonical\" href=\"https:\/\/www.telefonkonferenz.de\/blog\/samsung-arbeitet-an-neuem-handy-akku\/\" \/>\n<meta property=\"og:locale\" content=\"de_DE\" \/>\n<meta property=\"og:type\" content=\"article\" \/>\n<meta property=\"og:title\" content=\"Samsung unterst\u00fctzt Forschung an neuem Handy-Akku - Telefonkonferenz.de-Blog\" \/>\n<meta property=\"og:url\" content=\"https:\/\/www.telefonkonferenz.de\/blog\/samsung-arbeitet-an-neuem-handy-akku\/\" \/>\n<meta property=\"og:site_name\" content=\"Telefonkonferenz.de-Blog\" \/>\n<meta property=\"article:publisher\" content=\"https:\/\/www.facebook.com\/TelefonkonferenzDe\/\" \/>\n<meta property=\"article:published_time\" content=\"2018-03-09T16:29:04+00:00\" \/>\n<meta property=\"article:modified_time\" content=\"2018-03-16T14:35:24+00:00\" \/>\n<meta property=\"og:image\" content=\"https:\/\/www.telefonkonferenz.de\/blog\/wp-content\/uploads\/2018\/03\/handy-akku.jpg\" \/>\n\t<meta property=\"og:image:width\" content=\"849\" \/>\n\t<meta property=\"og:image:height\" content=\"566\" \/>\n<meta name=\"twitter:card\" content=\"summary_large_image\" \/>\n<meta name=\"twitter:creator\" content=\"@Telko_DE\" \/>\n<meta name=\"twitter:site\" content=\"@Telko_DE\" \/>\n<meta name=\"twitter:label1\" content=\"Verfasst von\" \/>\n\t<meta name=\"twitter:data1\" content=\"Felix\" \/>\n\t<meta name=\"twitter:label2\" content=\"Gesch\u00e4tzte Lesezeit\" \/>\n\t<meta name=\"twitter:data2\" content=\"2\u00a0Minuten\" \/>\n<script type=\"application\/ld+json\" class=\"yoast-schema-graph\">{\"@context\":\"https:\/\/schema.org\",\"@graph\":[{\"@type\":\"Organization\",\"@id\":\"https:\/\/www.telefonkonferenz.de\/blog\/#organization\",\"name\":\"Telefonkonferenz.de\",\"url\":\"https:\/\/www.telefonkonferenz.de\/blog\/\",\"sameAs\":[\"https:\/\/www.facebook.com\/TelefonkonferenzDe\/\",\"https:\/\/twitter.com\/Telko_DE\"],\"logo\":{\"@type\":\"ImageObject\",\"@id\":\"https:\/\/www.telefonkonferenz.de\/blog\/#logo\",\"inLanguage\":\"de\",\"url\":\"https:\/\/www.telefonkonferenz.de\/blog\/wp-content\/uploads\/2016\/02\/telefonkonferenz-icon-1024.png\",\"contentUrl\":\"https:\/\/www.telefonkonferenz.de\/blog\/wp-content\/uploads\/2016\/02\/telefonkonferenz-icon-1024.png\",\"width\":1024,\"height\":1024,\"caption\":\"Telefonkonferenz.de\"},\"image\":{\"@id\":\"https:\/\/www.telefonkonferenz.de\/blog\/#logo\"}},{\"@type\":\"WebSite\",\"@id\":\"https:\/\/www.telefonkonferenz.de\/blog\/#website\",\"url\":\"https:\/\/www.telefonkonferenz.de\/blog\/\",\"name\":\"Telefonkonferenz.de-Blog\",\"description\":\"\",\"publisher\":{\"@id\":\"https:\/\/www.telefonkonferenz.de\/blog\/#organization\"},\"potentialAction\":[{\"@type\":\"SearchAction\",\"target\":{\"@type\":\"EntryPoint\",\"urlTemplate\":\"https:\/\/www.telefonkonferenz.de\/blog\/?s={search_term_string}\"},\"query-input\":\"required name=search_term_string\"}],\"inLanguage\":\"de\"},{\"@type\":\"WebPage\",\"@id\":\"https:\/\/www.telefonkonferenz.de\/blog\/samsung-arbeitet-an-neuem-handy-akku\/#webpage\",\"url\":\"https:\/\/www.telefonkonferenz.de\/blog\/samsung-arbeitet-an-neuem-handy-akku\/\",\"name\":\"Samsung unterst\\u00fctzt Forschung an neuem Handy-Akku - Telefonkonferenz.de-Blog\",\"isPartOf\":{\"@id\":\"https:\/\/www.telefonkonferenz.de\/blog\/#website\"},\"datePublished\":\"2018-03-09T16:29:04+00:00\",\"dateModified\":\"2018-03-16T14:35:24+00:00\",\"description\":\"Samsung unterst\\u00fctzt die Forschung am Korea Advanced Institute of Science and Technology f\\u00fcr einen neuen Handy-Akku. Dieser verspricht h\\u00f6here Leistung, k\\u00fcrzere Ladezeiten und eine geringere Umweltbelastung.\",\"breadcrumb\":{\"@id\":\"https:\/\/www.telefonkonferenz.de\/blog\/samsung-arbeitet-an-neuem-handy-akku\/#breadcrumb\"},\"inLanguage\":\"de\",\"potentialAction\":[{\"@type\":\"ReadAction\",\"target\":[\"https:\/\/www.telefonkonferenz.de\/blog\/samsung-arbeitet-an-neuem-handy-akku\/\"]}]},{\"@type\":\"BreadcrumbList\",\"@id\":\"https:\/\/www.telefonkonferenz.de\/blog\/samsung-arbeitet-an-neuem-handy-akku\/#breadcrumb\",\"itemListElement\":[{\"@type\":\"ListItem\",\"position\":1,\"name\":\"Home\",\"item\":\"https:\/\/www.telefonkonferenz.de\/blog\/\"},{\"@type\":\"ListItem\",\"position\":2,\"name\":\"Samsung unterst\\u00fctzt Forschung an neuem Handy-Akku\"}]},{\"@type\":\"Article\",\"@id\":\"https:\/\/www.telefonkonferenz.de\/blog\/samsung-arbeitet-an-neuem-handy-akku\/#article\",\"isPartOf\":{\"@id\":\"https:\/\/www.telefonkonferenz.de\/blog\/samsung-arbeitet-an-neuem-handy-akku\/#webpage\"},\"author\":{\"@id\":\"https:\/\/www.telefonkonferenz.de\/blog\/#\/schema\/person\/e2180a28a52721fd9707c0b0261b83fe\"},\"headline\":\"Samsung unterst\\u00fctzt Forschung an neuem Handy-Akku\",\"datePublished\":\"2018-03-09T16:29:04+00:00\",\"dateModified\":\"2018-03-16T14:35:24+00:00\",\"mainEntityOfPage\":{\"@id\":\"https:\/\/www.telefonkonferenz.de\/blog\/samsung-arbeitet-an-neuem-handy-akku\/#webpage\"},\"wordCount\":344,\"commentCount\":0,\"publisher\":{\"@id\":\"https:\/\/www.telefonkonferenz.de\/blog\/#organization\"},\"keywords\":[\"Mobiltelefon\",\"Samsung\",\"Smartphone\",\"Technologie\"],\"articleSection\":[\"Technologie\"],\"inLanguage\":\"de\",\"potentialAction\":[{\"@type\":\"CommentAction\",\"name\":\"Comment\",\"target\":[\"https:\/\/www.telefonkonferenz.de\/blog\/samsung-arbeitet-an-neuem-handy-akku\/#respond\"]}]},{\"@type\":\"Person\",\"@id\":\"https:\/\/www.telefonkonferenz.de\/blog\/#\/schema\/person\/e2180a28a52721fd9707c0b0261b83fe\",\"name\":\"Felix\",\"url\":\"https:\/\/www.telefonkonferenz.de\/blog\/author\/felix\/\"}]}<\/script>\n<!-- \/ Yoast SEO plugin. -->","yoast_head_json":{"title":"Samsung unterst\u00fctzt Forschung an neuem Handy-Akku - Telefonkonferenz.de-Blog","description":"Samsung unterst\u00fctzt die Forschung am Korea Advanced Institute of Science and Technology f\u00fcr einen neuen Handy-Akku. Dieser verspricht h\u00f6here Leistung, k\u00fcrzere Ladezeiten und eine geringere Umweltbelastung.","robots":{"index":"index","follow":"follow","max-snippet":"max-snippet:-1","max-image-preview":"max-image-preview:large","max-video-preview":"max-video-preview:-1"},"canonical":"https:\/\/www.telefonkonferenz.de\/blog\/samsung-arbeitet-an-neuem-handy-akku\/","og_locale":"de_DE","og_type":"article","og_title":"Samsung unterst\u00fctzt Forschung an neuem Handy-Akku - Telefonkonferenz.de-Blog","og_url":"https:\/\/www.telefonkonferenz.de\/blog\/samsung-arbeitet-an-neuem-handy-akku\/","og_site_name":"Telefonkonferenz.de-Blog","article_publisher":"https:\/\/www.facebook.com\/TelefonkonferenzDe\/","article_published_time":"2018-03-09T16:29:04+00:00","article_modified_time":"2018-03-16T14:35:24+00:00","og_image":[{"width":849,"height":566,"url":"https:\/\/www.telefonkonferenz.de\/blog\/wp-content\/uploads\/2018\/03\/handy-akku.jpg","type":"image\/jpeg"}],"twitter_card":"summary_large_image","twitter_creator":"@Telko_DE","twitter_site":"@Telko_DE","twitter_misc":{"Verfasst von":"Felix","Gesch\u00e4tzte Lesezeit":"2\u00a0Minuten"},"schema":{"@context":"https:\/\/schema.org","@graph":[{"@type":"Organization","@id":"https:\/\/www.telefonkonferenz.de\/blog\/#organization","name":"Telefonkonferenz.de","url":"https:\/\/www.telefonkonferenz.de\/blog\/","sameAs":["https:\/\/www.facebook.com\/TelefonkonferenzDe\/","https:\/\/twitter.com\/Telko_DE"],"logo":{"@type":"ImageObject","@id":"https:\/\/www.telefonkonferenz.de\/blog\/#logo","inLanguage":"de","url":"https:\/\/www.telefonkonferenz.de\/blog\/wp-content\/uploads\/2016\/02\/telefonkonferenz-icon-1024.png","contentUrl":"https:\/\/www.telefonkonferenz.de\/blog\/wp-content\/uploads\/2016\/02\/telefonkonferenz-icon-1024.png","width":1024,"height":1024,"caption":"Telefonkonferenz.de"},"image":{"@id":"https:\/\/www.telefonkonferenz.de\/blog\/#logo"}},{"@type":"WebSite","@id":"https:\/\/www.telefonkonferenz.de\/blog\/#website","url":"https:\/\/www.telefonkonferenz.de\/blog\/","name":"Telefonkonferenz.de-Blog","description":"","publisher":{"@id":"https:\/\/www.telefonkonferenz.de\/blog\/#organization"},"potentialAction":[{"@type":"SearchAction","target":{"@type":"EntryPoint","urlTemplate":"https:\/\/www.telefonkonferenz.de\/blog\/?s={search_term_string}"},"query-input":"required name=search_term_string"}],"inLanguage":"de"},{"@type":"WebPage","@id":"https:\/\/www.telefonkonferenz.de\/blog\/samsung-arbeitet-an-neuem-handy-akku\/#webpage","url":"https:\/\/www.telefonkonferenz.de\/blog\/samsung-arbeitet-an-neuem-handy-akku\/","name":"Samsung unterst\u00fctzt Forschung an neuem Handy-Akku - Telefonkonferenz.de-Blog","isPartOf":{"@id":"https:\/\/www.telefonkonferenz.de\/blog\/#website"},"datePublished":"2018-03-09T16:29:04+00:00","dateModified":"2018-03-16T14:35:24+00:00","description":"Samsung unterst\u00fctzt die Forschung am Korea Advanced Institute of Science and Technology f\u00fcr einen neuen Handy-Akku. Dieser verspricht h\u00f6here Leistung, k\u00fcrzere Ladezeiten und eine geringere Umweltbelastung.","breadcrumb":{"@id":"https:\/\/www.telefonkonferenz.de\/blog\/samsung-arbeitet-an-neuem-handy-akku\/#breadcrumb"},"inLanguage":"de","potentialAction":[{"@type":"ReadAction","target":["https:\/\/www.telefonkonferenz.de\/blog\/samsung-arbeitet-an-neuem-handy-akku\/"]}]},{"@type":"BreadcrumbList","@id":"https:\/\/www.telefonkonferenz.de\/blog\/samsung-arbeitet-an-neuem-handy-akku\/#breadcrumb","itemListElement":[{"@type":"ListItem","position":1,"name":"Home","item":"https:\/\/www.telefonkonferenz.de\/blog\/"},{"@type":"ListItem","position":2,"name":"Samsung unterst\u00fctzt Forschung an neuem Handy-Akku"}]},{"@type":"Article","@id":"https:\/\/www.telefonkonferenz.de\/blog\/samsung-arbeitet-an-neuem-handy-akku\/#article","isPartOf":{"@id":"https:\/\/www.telefonkonferenz.de\/blog\/samsung-arbeitet-an-neuem-handy-akku\/#webpage"},"author":{"@id":"https:\/\/www.telefonkonferenz.de\/blog\/#\/schema\/person\/e2180a28a52721fd9707c0b0261b83fe"},"headline":"Samsung unterst\u00fctzt Forschung an neuem Handy-Akku","datePublished":"2018-03-09T16:29:04+00:00","dateModified":"2018-03-16T14:35:24+00:00","mainEntityOfPage":{"@id":"https:\/\/www.telefonkonferenz.de\/blog\/samsung-arbeitet-an-neuem-handy-akku\/#webpage"},"wordCount":344,"commentCount":0,"publisher":{"@id":"https:\/\/www.telefonkonferenz.de\/blog\/#organization"},"keywords":["Mobiltelefon","Samsung","Smartphone","Technologie"],"articleSection":["Technologie"],"inLanguage":"de","potentialAction":[{"@type":"CommentAction","name":"Comment","target":["https:\/\/www.telefonkonferenz.de\/blog\/samsung-arbeitet-an-neuem-handy-akku\/#respond"]}]},{"@type":"Person","@id":"https:\/\/www.telefonkonferenz.de\/blog\/#\/schema\/person\/e2180a28a52721fd9707c0b0261b83fe","name":"Felix","url":"https:\/\/www.telefonkonferenz.de\/blog\/author\/felix\/"}]}},"_links":{"self":[{"href":"https:\/\/www.telefonkonferenz.de\/blog\/wp-json\/wp\/v2\/posts\/1020"}],"collection":[{"href":"https:\/\/www.telefonkonferenz.de\/blog\/wp-json\/wp\/v2\/posts"}],"about":[{"href":"https:\/\/www.telefonkonferenz.de\/blog\/wp-json\/wp\/v2\/types\/post"}],"author":[{"embeddable":true,"href":"https:\/\/www.telefonkonferenz.de\/blog\/wp-json\/wp\/v2\/users\/2"}],"replies":[{"embeddable":true,"href":"https:\/\/www.telefonkonferenz.de\/blog\/wp-json\/wp\/v2\/comments?post=1020"}],"version-history":[{"count":3,"href":"https:\/\/www.telefonkonferenz.de\/blog\/wp-json\/wp\/v2\/posts\/1020\/revisions"}],"predecessor-version":[{"id":1504,"href":"https:\/\/www.telefonkonferenz.de\/blog\/wp-json\/wp\/v2\/posts\/1020\/revisions\/1504"}],"wp:attachment":[{"href":"https:\/\/www.telefonkonferenz.de\/blog\/wp-json\/wp\/v2\/media?parent=1020"}],"wp:term":[{"taxonomy":"category","embeddable":true,"href":"https:\/\/www.telefonkonferenz.de\/blog\/wp-json\/wp\/v2\/categories?post=1020"},{"taxonomy":"post_tag","embeddable":true,"href":"https:\/\/www.telefonkonferenz.de\/blog\/wp-json\/wp\/v2\/tags?post=1020"}],"curies":[{"name":"wp","href":"https:\/\/api.w.org\/{rel}","templated":true}]}}