{"id":1452,"date":"2019-07-07T14:19:53","date_gmt":"2019-07-07T12:19:53","guid":{"rendered":"https:\/\/www.telefonkonferenz.de\/blog\/?p=1452"},"modified":"2021-06-15T11:48:25","modified_gmt":"2021-06-15T09:48:25","slug":"outlook-update-erscheint-nach-acht-monaten","status":"publish","type":"post","link":"https:\/\/www.telefonkonferenz.de\/blog\/outlook-update-erscheint-nach-acht-monaten\/","title":{"rendered":"Outlook-Update erscheint nach acht Monaten"},"content":{"rendered":"<p>In dieser Woche wurde das neue Outlook-Update vorgestellt. In den vergangenen acht Monaten entwickelte das Team von Microsoft Verbesserungen an dem E-Mail-Client, welche vor allem auf User-Feedback basierten. Was die neue Version alles bereith\u00e4lt, erfahren Sie im folgenden Artikel.<!--more--><\/p>\n<h2><strong>\u00dcbersichtlicher und moderner<\/strong><\/h2>\n<p>Viele der <a href=\"https:\/\/techcommunity.microsoft.com\/t5\/Outlook-Blog\/Faster-with-a-modern-design-and-new-features-the-new-Outlook-on\/ba-p\/735222\">neuen Funktionen und Verbesserungen<\/a> sind in \u00e4hnlicher Form bereits von anderen Anwendungen bekannt und zielen auf eine Ann\u00e4herung an Konkurrenzprodukte ab. Beispielhaft sind hierf\u00fcr etwa die Einbindung von Emojis, Gifs oder Bildern, was bereits aus Messengern wie WhatsApp oder dem Facebook Messenger bekannt ist. Auch ein Dark Mode \u2013 also dunkler Hintergrund statt der \u00fcbliche helle \u2013 ist mit dem Outlook-Update verf\u00fcgbar.<\/p>\n<p>Neben eines solchen Neuanstrichs wurde aber auch an der Usability des E-Mail-Clients gefeilt. Nachrichten k\u00f6nnen \u00fcber Tags mit Kategorien versehen werden, was eine \u00fcbersichtlichere und damit effizientere Bedienung erm\u00f6glicht. In dieselbe Richtung geht ein weiteres Feature, <em>Favorites<\/em>. Damit k\u00f6nnen Favoritenlisten erstellt werden, was zu einem leichteren und schnelleren Zugang zu wichtigen Kontakten oder Kontakt-Gruppen f\u00fchrt.<\/p>\n<h2><strong>Features f\u00fcr besseres Zeitmanagement<\/strong><\/h2>\n<p>Ein Hauptaugenmerk der Entwickler stellte offensichtlich die Verbesserung von Zeitmanagement dar. Gleich eine Reihe an Features, die auf eine simplere und schnellere Terminplanung abzielen, sind Teil des Updates. Dazu geh\u00f6ren etwa die Verkn\u00fcpfung mehrerer Kalender, bzw. verschiedene, \u00fcbersichtlichere Kalenderansichten oder auch das Erstellen von Online Events. Dabei hat man verschiedene Auswahlm\u00f6glichkeiten f\u00fcr die Art des Meetings. Des Weiteren k\u00f6nnen je nach Teilnehmeranzahl Zusatzinformationen \u00fcber das Event bzw. die Teilnehmerinnen und Teilnehmer und ihre Antworten auf das Event angezeigt werden. Dies ist wiederum in den bereits erw\u00e4hnten verbesserten Kalender eingebunden.<\/p>\n<figure id=\"attachment_1453\" aria-describedby=\"caption-attachment-1453\" style=\"width: 1024px\" class=\"wp-caption aligncenter\"><img class=\"wp-image-1453 size-large\" src=\"https:\/\/www.telefonkonferenz.de\/blog\/wp-content\/uploads\/2019\/07\/outlook-calendar-1024x613.png\" alt=\"\" width=\"1024\" height=\"613\" \/><figcaption id=\"caption-attachment-1453\" class=\"wp-caption-text\">Bild: Microsoft<\/figcaption><\/figure>\n<p>\u00dcbrigens, wenn Sie Telefonkonferenzen nutzen, ist ein weiterer Weg f\u00fcr optimiertes Zeitmanagement das Add-in von Telefonkonferenz.de f\u00fcr Outlook. Wie sie das Add-in Outlook einbinden k\u00f6nnen, erfahren Sie <a href=\"https:\/\/www.telefonkonferenz.de\/blog\/telefonkonferenz-de-veroffentlicht-kostenloses-add-fur-office-365\/\">hier<\/a>.<\/p>\n<p>Das neue Outlook-Update ist derzeit per Button aktiver- und deaktivierbar \u2013 au\u00dfer Ihr Unternehmen hat die Funktion deaktiviert. Ab Ende Juli wird auf allen Systemen nur noch die aktualisierte Version laufen.<\/p>\n","protected":false},"excerpt":{"rendered":"<p>In dieser Woche wurde das neue Outlook-Update vorgestellt. In den vergangenen acht Monaten entwickelte das Team von Microsoft Verbesserungen an dem E-Mail-Client, welche vor allem auf User-Feedback basierten. Was die<\/p>\n<div class=\"more-link-wrapper\"><a class=\"more-link\" href=\"https:\/\/www.telefonkonferenz.de\/blog\/outlook-update-erscheint-nach-acht-monaten\/\">Weiterlesen<span class=\"screen-reader-text\">Outlook-Update erscheint nach acht Monaten<\/span><\/a><\/div>\n","protected":false},"author":2,"featured_media":0,"comment_status":"closed","ping_status":"open","sticky":false,"template":"","format":"standard","meta":{"_monsterinsights_skip_tracking":false,"_monsterinsights_sitenote_active":false,"_monsterinsights_sitenote_note":"","_monsterinsights_sitenote_category":0},"categories":[21],"tags":[77,49,203],"yoast_head":"<!-- This site is optimized with the Yoast SEO plugin v17.3 - https:\/\/yoast.com\/wordpress\/plugins\/seo\/ -->\n<title>Outlook-Update erscheint nach acht Monaten - Telefonkonferenz.de-Blog<\/title>\n<meta name=\"description\" content=\"Neues Outlook-Update: Modern aufgeh\u00fcbscht und eine Reihe von Features die effizientere und \u00fcbersichtlichere Anwendung versprechen!\" \/>\n<meta name=\"robots\" content=\"index, follow, max-snippet:-1, max-image-preview:large, max-video-preview:-1\" \/>\n<link rel=\"canonical\" href=\"https:\/\/www.telefonkonferenz.de\/blog\/outlook-update-erscheint-nach-acht-monaten\/\" \/>\n<meta property=\"og:locale\" content=\"de_DE\" \/>\n<meta property=\"og:type\" content=\"article\" \/>\n<meta property=\"og:title\" content=\"Outlook-Update erscheint nach acht Monaten - Telefonkonferenz.de-Blog\" \/>\n<meta property=\"og:url\" content=\"https:\/\/www.telefonkonferenz.de\/blog\/outlook-update-erscheint-nach-acht-monaten\/\" \/>\n<meta property=\"og:site_name\" content=\"Telefonkonferenz.de-Blog\" \/>\n<meta property=\"article:publisher\" content=\"https:\/\/www.facebook.com\/TelefonkonferenzDe\/\" \/>\n<meta property=\"article:published_time\" content=\"2019-07-07T12:19:53+00:00\" \/>\n<meta property=\"article:modified_time\" content=\"2021-06-15T09:48:25+00:00\" \/>\n<meta property=\"og:image\" content=\"https:\/\/www.telefonkonferenz.de\/blog\/wp-content\/uploads\/2019\/07\/outlook-update.png\" \/>\n\t<meta property=\"og:image:width\" content=\"871\" \/>\n\t<meta property=\"og:image:height\" content=\"392\" \/>\n<meta name=\"twitter:card\" content=\"summary_large_image\" \/>\n<meta name=\"twitter:creator\" content=\"@Telko_DE\" \/>\n<meta name=\"twitter:site\" content=\"@Telko_DE\" \/>\n<meta name=\"twitter:label1\" content=\"Verfasst von\" \/>\n\t<meta name=\"twitter:data1\" content=\"Felix\" \/>\n\t<meta name=\"twitter:label2\" content=\"Gesch\u00e4tzte Lesezeit\" \/>\n\t<meta name=\"twitter:data2\" content=\"2\u00a0Minuten\" \/>\n<script type=\"application\/ld+json\" class=\"yoast-schema-graph\">{\"@context\":\"https:\/\/schema.org\",\"@graph\":[{\"@type\":\"Organization\",\"@id\":\"https:\/\/www.telefonkonferenz.de\/blog\/#organization\",\"name\":\"Telefonkonferenz.de\",\"url\":\"https:\/\/www.telefonkonferenz.de\/blog\/\",\"sameAs\":[\"https:\/\/www.facebook.com\/TelefonkonferenzDe\/\",\"https:\/\/twitter.com\/Telko_DE\"],\"logo\":{\"@type\":\"ImageObject\",\"@id\":\"https:\/\/www.telefonkonferenz.de\/blog\/#logo\",\"inLanguage\":\"de\",\"url\":\"https:\/\/www.telefonkonferenz.de\/blog\/wp-content\/uploads\/2016\/02\/telefonkonferenz-icon-1024.png\",\"contentUrl\":\"https:\/\/www.telefonkonferenz.de\/blog\/wp-content\/uploads\/2016\/02\/telefonkonferenz-icon-1024.png\",\"width\":1024,\"height\":1024,\"caption\":\"Telefonkonferenz.de\"},\"image\":{\"@id\":\"https:\/\/www.telefonkonferenz.de\/blog\/#logo\"}},{\"@type\":\"WebSite\",\"@id\":\"https:\/\/www.telefonkonferenz.de\/blog\/#website\",\"url\":\"https:\/\/www.telefonkonferenz.de\/blog\/\",\"name\":\"Telefonkonferenz.de-Blog\",\"description\":\"\",\"publisher\":{\"@id\":\"https:\/\/www.telefonkonferenz.de\/blog\/#organization\"},\"potentialAction\":[{\"@type\":\"SearchAction\",\"target\":{\"@type\":\"EntryPoint\",\"urlTemplate\":\"https:\/\/www.telefonkonferenz.de\/blog\/?s={search_term_string}\"},\"query-input\":\"required name=search_term_string\"}],\"inLanguage\":\"de\"},{\"@type\":\"ImageObject\",\"@id\":\"https:\/\/www.telefonkonferenz.de\/blog\/outlook-update-erscheint-nach-acht-monaten\/#primaryimage\",\"inLanguage\":\"de\",\"url\":\"https:\/\/www.telefonkonferenz.de\/blog\/wp-content\/uploads\/2019\/07\/outlook-calendar-1024x613.png\",\"contentUrl\":\"https:\/\/www.telefonkonferenz.de\/blog\/wp-content\/uploads\/2019\/07\/outlook-calendar-1024x613.png\"},{\"@type\":\"WebPage\",\"@id\":\"https:\/\/www.telefonkonferenz.de\/blog\/outlook-update-erscheint-nach-acht-monaten\/#webpage\",\"url\":\"https:\/\/www.telefonkonferenz.de\/blog\/outlook-update-erscheint-nach-acht-monaten\/\",\"name\":\"Outlook-Update erscheint nach acht Monaten - Telefonkonferenz.de-Blog\",\"isPartOf\":{\"@id\":\"https:\/\/www.telefonkonferenz.de\/blog\/#website\"},\"primaryImageOfPage\":{\"@id\":\"https:\/\/www.telefonkonferenz.de\/blog\/outlook-update-erscheint-nach-acht-monaten\/#primaryimage\"},\"datePublished\":\"2019-07-07T12:19:53+00:00\",\"dateModified\":\"2021-06-15T09:48:25+00:00\",\"description\":\"Neues Outlook-Update: Modern aufgeh\\u00fcbscht und eine Reihe von Features die effizientere und \\u00fcbersichtlichere Anwendung versprechen!\",\"breadcrumb\":{\"@id\":\"https:\/\/www.telefonkonferenz.de\/blog\/outlook-update-erscheint-nach-acht-monaten\/#breadcrumb\"},\"inLanguage\":\"de\",\"potentialAction\":[{\"@type\":\"ReadAction\",\"target\":[\"https:\/\/www.telefonkonferenz.de\/blog\/outlook-update-erscheint-nach-acht-monaten\/\"]}]},{\"@type\":\"BreadcrumbList\",\"@id\":\"https:\/\/www.telefonkonferenz.de\/blog\/outlook-update-erscheint-nach-acht-monaten\/#breadcrumb\",\"itemListElement\":[{\"@type\":\"ListItem\",\"position\":1,\"name\":\"Home\",\"item\":\"https:\/\/www.telefonkonferenz.de\/blog\/\"},{\"@type\":\"ListItem\",\"position\":2,\"name\":\"Outlook-Update erscheint nach acht Monaten\"}]},{\"@type\":\"Article\",\"@id\":\"https:\/\/www.telefonkonferenz.de\/blog\/outlook-update-erscheint-nach-acht-monaten\/#article\",\"isPartOf\":{\"@id\":\"https:\/\/www.telefonkonferenz.de\/blog\/outlook-update-erscheint-nach-acht-monaten\/#webpage\"},\"author\":{\"@id\":\"https:\/\/www.telefonkonferenz.de\/blog\/#\/schema\/person\/e2180a28a52721fd9707c0b0261b83fe\"},\"headline\":\"Outlook-Update erscheint nach acht Monaten\",\"datePublished\":\"2019-07-07T12:19:53+00:00\",\"dateModified\":\"2021-06-15T09:48:25+00:00\",\"mainEntityOfPage\":{\"@id\":\"https:\/\/www.telefonkonferenz.de\/blog\/outlook-update-erscheint-nach-acht-monaten\/#webpage\"},\"wordCount\":344,\"publisher\":{\"@id\":\"https:\/\/www.telefonkonferenz.de\/blog\/#organization\"},\"image\":{\"@id\":\"https:\/\/www.telefonkonferenz.de\/blog\/outlook-update-erscheint-nach-acht-monaten\/#primaryimage\"},\"thumbnailUrl\":\"https:\/\/www.telefonkonferenz.de\/blog\/wp-content\/uploads\/2019\/07\/outlook-calendar-1024x613.png\",\"keywords\":[\"Microsoft\",\"Office 365\",\"Update\"],\"articleSection\":[\"Technologie\"],\"inLanguage\":\"de\"},{\"@type\":\"Person\",\"@id\":\"https:\/\/www.telefonkonferenz.de\/blog\/#\/schema\/person\/e2180a28a52721fd9707c0b0261b83fe\",\"name\":\"Felix\",\"url\":\"https:\/\/www.telefonkonferenz.de\/blog\/author\/felix\/\"}]}<\/script>\n<!-- \/ Yoast SEO plugin. -->","yoast_head_json":{"title":"Outlook-Update erscheint nach acht Monaten - Telefonkonferenz.de-Blog","description":"Neues Outlook-Update: Modern aufgeh\u00fcbscht und eine Reihe von Features die effizientere und \u00fcbersichtlichere Anwendung versprechen!","robots":{"index":"index","follow":"follow","max-snippet":"max-snippet:-1","max-image-preview":"max-image-preview:large","max-video-preview":"max-video-preview:-1"},"canonical":"https:\/\/www.telefonkonferenz.de\/blog\/outlook-update-erscheint-nach-acht-monaten\/","og_locale":"de_DE","og_type":"article","og_title":"Outlook-Update erscheint nach acht Monaten - Telefonkonferenz.de-Blog","og_url":"https:\/\/www.telefonkonferenz.de\/blog\/outlook-update-erscheint-nach-acht-monaten\/","og_site_name":"Telefonkonferenz.de-Blog","article_publisher":"https:\/\/www.facebook.com\/TelefonkonferenzDe\/","article_published_time":"2019-07-07T12:19:53+00:00","article_modified_time":"2021-06-15T09:48:25+00:00","og_image":[{"width":871,"height":392,"url":"https:\/\/www.telefonkonferenz.de\/blog\/wp-content\/uploads\/2019\/07\/outlook-update.png","type":"image\/png"}],"twitter_card":"summary_large_image","twitter_creator":"@Telko_DE","twitter_site":"@Telko_DE","twitter_misc":{"Verfasst von":"Felix","Gesch\u00e4tzte Lesezeit":"2\u00a0Minuten"},"schema":{"@context":"https:\/\/schema.org","@graph":[{"@type":"Organization","@id":"https:\/\/www.telefonkonferenz.de\/blog\/#organization","name":"Telefonkonferenz.de","url":"https:\/\/www.telefonkonferenz.de\/blog\/","sameAs":["https:\/\/www.facebook.com\/TelefonkonferenzDe\/","https:\/\/twitter.com\/Telko_DE"],"logo":{"@type":"ImageObject","@id":"https:\/\/www.telefonkonferenz.de\/blog\/#logo","inLanguage":"de","url":"https:\/\/www.telefonkonferenz.de\/blog\/wp-content\/uploads\/2016\/02\/telefonkonferenz-icon-1024.png","contentUrl":"https:\/\/www.telefonkonferenz.de\/blog\/wp-content\/uploads\/2016\/02\/telefonkonferenz-icon-1024.png","width":1024,"height":1024,"caption":"Telefonkonferenz.de"},"image":{"@id":"https:\/\/www.telefonkonferenz.de\/blog\/#logo"}},{"@type":"WebSite","@id":"https:\/\/www.telefonkonferenz.de\/blog\/#website","url":"https:\/\/www.telefonkonferenz.de\/blog\/","name":"Telefonkonferenz.de-Blog","description":"","publisher":{"@id":"https:\/\/www.telefonkonferenz.de\/blog\/#organization"},"potentialAction":[{"@type":"SearchAction","target":{"@type":"EntryPoint","urlTemplate":"https:\/\/www.telefonkonferenz.de\/blog\/?s={search_term_string}"},"query-input":"required name=search_term_string"}],"inLanguage":"de"},{"@type":"ImageObject","@id":"https:\/\/www.telefonkonferenz.de\/blog\/outlook-update-erscheint-nach-acht-monaten\/#primaryimage","inLanguage":"de","url":"https:\/\/www.telefonkonferenz.de\/blog\/wp-content\/uploads\/2019\/07\/outlook-calendar-1024x613.png","contentUrl":"https:\/\/www.telefonkonferenz.de\/blog\/wp-content\/uploads\/2019\/07\/outlook-calendar-1024x613.png"},{"@type":"WebPage","@id":"https:\/\/www.telefonkonferenz.de\/blog\/outlook-update-erscheint-nach-acht-monaten\/#webpage","url":"https:\/\/www.telefonkonferenz.de\/blog\/outlook-update-erscheint-nach-acht-monaten\/","name":"Outlook-Update erscheint nach acht Monaten - Telefonkonferenz.de-Blog","isPartOf":{"@id":"https:\/\/www.telefonkonferenz.de\/blog\/#website"},"primaryImageOfPage":{"@id":"https:\/\/www.telefonkonferenz.de\/blog\/outlook-update-erscheint-nach-acht-monaten\/#primaryimage"},"datePublished":"2019-07-07T12:19:53+00:00","dateModified":"2021-06-15T09:48:25+00:00","description":"Neues Outlook-Update: Modern aufgeh\u00fcbscht und eine Reihe von Features die effizientere und \u00fcbersichtlichere Anwendung versprechen!","breadcrumb":{"@id":"https:\/\/www.telefonkonferenz.de\/blog\/outlook-update-erscheint-nach-acht-monaten\/#breadcrumb"},"inLanguage":"de","potentialAction":[{"@type":"ReadAction","target":["https:\/\/www.telefonkonferenz.de\/blog\/outlook-update-erscheint-nach-acht-monaten\/"]}]},{"@type":"BreadcrumbList","@id":"https:\/\/www.telefonkonferenz.de\/blog\/outlook-update-erscheint-nach-acht-monaten\/#breadcrumb","itemListElement":[{"@type":"ListItem","position":1,"name":"Home","item":"https:\/\/www.telefonkonferenz.de\/blog\/"},{"@type":"ListItem","position":2,"name":"Outlook-Update erscheint nach acht Monaten"}]},{"@type":"Article","@id":"https:\/\/www.telefonkonferenz.de\/blog\/outlook-update-erscheint-nach-acht-monaten\/#article","isPartOf":{"@id":"https:\/\/www.telefonkonferenz.de\/blog\/outlook-update-erscheint-nach-acht-monaten\/#webpage"},"author":{"@id":"https:\/\/www.telefonkonferenz.de\/blog\/#\/schema\/person\/e2180a28a52721fd9707c0b0261b83fe"},"headline":"Outlook-Update erscheint nach acht Monaten","datePublished":"2019-07-07T12:19:53+00:00","dateModified":"2021-06-15T09:48:25+00:00","mainEntityOfPage":{"@id":"https:\/\/www.telefonkonferenz.de\/blog\/outlook-update-erscheint-nach-acht-monaten\/#webpage"},"wordCount":344,"publisher":{"@id":"https:\/\/www.telefonkonferenz.de\/blog\/#organization"},"image":{"@id":"https:\/\/www.telefonkonferenz.de\/blog\/outlook-update-erscheint-nach-acht-monaten\/#primaryimage"},"thumbnailUrl":"https:\/\/www.telefonkonferenz.de\/blog\/wp-content\/uploads\/2019\/07\/outlook-calendar-1024x613.png","keywords":["Microsoft","Office 365","Update"],"articleSection":["Technologie"],"inLanguage":"de"},{"@type":"Person","@id":"https:\/\/www.telefonkonferenz.de\/blog\/#\/schema\/person\/e2180a28a52721fd9707c0b0261b83fe","name":"Felix","url":"https:\/\/www.telefonkonferenz.de\/blog\/author\/felix\/"}]}},"_links":{"self":[{"href":"https:\/\/www.telefonkonferenz.de\/blog\/wp-json\/wp\/v2\/posts\/1452"}],"collection":[{"href":"https:\/\/www.telefonkonferenz.de\/blog\/wp-json\/wp\/v2\/posts"}],"about":[{"href":"https:\/\/www.telefonkonferenz.de\/blog\/wp-json\/wp\/v2\/types\/post"}],"author":[{"embeddable":true,"href":"https:\/\/www.telefonkonferenz.de\/blog\/wp-json\/wp\/v2\/users\/2"}],"replies":[{"embeddable":true,"href":"https:\/\/www.telefonkonferenz.de\/blog\/wp-json\/wp\/v2\/comments?post=1452"}],"version-history":[{"count":1,"href":"https:\/\/www.telefonkonferenz.de\/blog\/wp-json\/wp\/v2\/posts\/1452\/revisions"}],"predecessor-version":[{"id":1454,"href":"https:\/\/www.telefonkonferenz.de\/blog\/wp-json\/wp\/v2\/posts\/1452\/revisions\/1454"}],"wp:attachment":[{"href":"https:\/\/www.telefonkonferenz.de\/blog\/wp-json\/wp\/v2\/media?parent=1452"}],"wp:term":[{"taxonomy":"category","embeddable":true,"href":"https:\/\/www.telefonkonferenz.de\/blog\/wp-json\/wp\/v2\/categories?post=1452"},{"taxonomy":"post_tag","embeddable":true,"href":"https:\/\/www.telefonkonferenz.de\/blog\/wp-json\/wp\/v2\/tags?post=1452"}],"curies":[{"name":"wp","href":"https:\/\/api.w.org\/{rel}","templated":true}]}}