{"id":1754,"date":"2020-04-16T17:59:27","date_gmt":"2020-04-16T15:59:27","guid":{"rendered":"https:\/\/www.telefonkonferenz.de\/blog\/?p=1754"},"modified":"2021-06-15T11:47:34","modified_gmt":"2021-06-15T09:47:34","slug":"iphone-se-apple-veroeffentlicht-neuversion-des-klassikers","status":"publish","type":"post","link":"https:\/\/www.telefonkonferenz.de\/blog\/iphone-se-apple-veroeffentlicht-neuversion-des-klassikers\/","title":{"rendered":"iPhone SE: Apple ver\u00f6ffentlicht Neuversion des Klassikers"},"content":{"rendered":"\n<p>Seit Jahren w\u00fcnschen sich Apple-Fans eine Neuauflage des\n2016 erschienen iPhone SE. Nun hat das lange Warten ein Ende: Der amerikanische\nTech-Riese hat in dieser Woche die zweite Generation des Klassikers\nver\u00f6ffentlicht.<\/p><!--more-->\n\n\n\n<h2><strong>Technische Eckdaten<\/strong><\/h2>\n\n\n\n<p>Das neue iPhone SE erinnert optisch mehr an das iPhone 8 als an die erste Generation der SE-Ger\u00e4te. So ist es mit 4,7 Zoll Bildschirmdiagonale genauso gro\u00df wie das iPhone 8. Auch der Rest des Geh\u00e4uses \u2013 inklusive altbekanntem Homebutton \u2013 erinnern an diese Modellreihe. Wer sich also auf ein \u201ekleines\u201c iPhone gefreut hat, wird leider entt\u00e4uscht. Abgesehen davon hat die <a href=\"https:\/\/www.apple.com\/newsroom\/2020\/04\/iphone-se-a-powerful-new-smartphone-in-a-popular-design\/\">Neuversion<\/a> jedoch viele tolle Features zu bieten. So hat das Apple das alte Gewand mit neuer Hardware gef\u00fcllt. Der verbaute A13 Bionic Chip macht das neue iPhone SE 2,4 Mal schneller als die erste Generation von 2016. Dieser kommt ebenfalls im <a href=\"https:\/\/www.telefonkonferenz.de\/blog\/apple-keynote-2019-iphone-11-und-die-anderen-highlights-im-ueberblick\/\">iPhone 11 Pro<\/a> zum Einsatz und verspricht so die Nutzung von State-of-the-Art-Anwendungen wie Augmented Reality. Neben dem normalen SIM-Kartenslot gibt es zus\u00e4tzlich die Option auf eSIM.<\/p>\n\n\n\n<h2><strong>Verbesserte Kamera, kein Face-ID<\/strong><\/h2>\n\n\n\n<p>Nicht mit von der Partie ist die Face-ID-Funktion. Das Smartphone kann nur \u00fcber den Fingerabduckscanner im Homebutton entsperrt werden. Im Vergleich zu seinem Vorg\u00e4nger wurde die Kamera wesentlich verbessert. Diese verf\u00fcgt \u00fcber eine einzelnes 12-Megapixel-Objektiv und soll dank Bildsignalprozessor ordentliche Ergebnisse liefern. Im Vergleich zu hochpreisigen Modellen von Apple hinkt diese bei der Leistung allerdings etwas hinterher. Wen es nicht st\u00f6rt, hier Abstriche zu machen und sich ein neues Apple-Ger\u00e4t zum kleinen Preis w\u00fcnscht, ist dennoch gut beraten mit dem iPhone SE. Das \u201ekleinste\u201c Modell mit 64 Gigabyte Ger\u00e4tespeicher wird rund 480 Euro kosten. Die mittlere Version mit 128 Gigabyte ist f\u00fcr 530 Euro zu haben und den gr\u00f6\u00dften Speicherplatz von 256 Gigabyte bekommt man f\u00fcr 650 Euro. Die g\u00fcnstigste Version ist damit billiger als das iPhone 8. Alle Modelle sind ab 24. April 2020 verf\u00fcgbar und sind in den Farben Wei\u00df, Schwarz und Rot erh\u00e4ltlich.<\/p>\n\n\n\n<p>Bild: Apple<\/p>\n","protected":false},"excerpt":{"rendered":"<p>Seit Jahren w\u00fcnschen sich Apple-Fans eine Neuauflage des 2016 erschienen iPhone SE. Nun hat das lange Warten ein Ende: Der amerikanische Tech-Riese hat in dieser Woche die zweite Generation des<\/p>\n<div class=\"more-link-wrapper\"><a class=\"more-link\" href=\"https:\/\/www.telefonkonferenz.de\/blog\/iphone-se-apple-veroeffentlicht-neuversion-des-klassikers\/\">Weiterlesen<span class=\"screen-reader-text\">iPhone SE: Apple ver\u00f6ffentlicht Neuversion des Klassikers<\/span><\/a><\/div>\n","protected":false},"author":2,"featured_media":0,"comment_status":"closed","ping_status":"open","sticky":false,"template":"","format":"standard","meta":{"_monsterinsights_skip_tracking":false,"_monsterinsights_sitenote_active":false,"_monsterinsights_sitenote_note":"","_monsterinsights_sitenote_category":0},"categories":[21],"tags":[146,148],"yoast_head":"<!-- This site is optimized with the Yoast SEO plugin v17.3 - https:\/\/yoast.com\/wordpress\/plugins\/seo\/ -->\n<title>iPhone SE: Apple ver\u00f6ffentlicht Neuversion des Klassikers - Telefonkonferenz.de-Blog<\/title>\n<meta name=\"description\" content=\"Zweite Generation des iPhone SE von Apple vorgestellt: wichtigste technische Eckdaten und neue Features in der Zusammenfassung!\" \/>\n<meta name=\"robots\" content=\"index, follow, max-snippet:-1, max-image-preview:large, max-video-preview:-1\" \/>\n<link rel=\"canonical\" href=\"https:\/\/www.telefonkonferenz.de\/blog\/iphone-se-apple-veroeffentlicht-neuversion-des-klassikers\/\" \/>\n<meta property=\"og:locale\" content=\"de_DE\" \/>\n<meta property=\"og:type\" content=\"article\" \/>\n<meta property=\"og:title\" content=\"iPhone SE: Apple ver\u00f6ffentlicht Neuversion des Klassikers - Telefonkonferenz.de-Blog\" \/>\n<meta property=\"og:url\" content=\"https:\/\/www.telefonkonferenz.de\/blog\/iphone-se-apple-veroeffentlicht-neuversion-des-klassikers\/\" \/>\n<meta property=\"og:site_name\" content=\"Telefonkonferenz.de-Blog\" \/>\n<meta property=\"article:publisher\" content=\"https:\/\/www.facebook.com\/TelefonkonferenzDe\/\" \/>\n<meta property=\"article:published_time\" content=\"2020-04-16T15:59:27+00:00\" \/>\n<meta property=\"article:modified_time\" content=\"2021-06-15T09:47:34+00:00\" \/>\n<meta property=\"og:image\" content=\"https:\/\/www.telefonkonferenz.de\/blog\/wp-content\/uploads\/2020\/04\/iphone-se.jpg\" \/>\n\t<meta property=\"og:image:width\" content=\"1960\" \/>\n\t<meta property=\"og:image:height\" content=\"1198\" \/>\n<meta name=\"twitter:card\" content=\"summary_large_image\" \/>\n<meta name=\"twitter:creator\" content=\"@Telko_DE\" \/>\n<meta name=\"twitter:site\" content=\"@Telko_DE\" \/>\n<meta name=\"twitter:label1\" content=\"Verfasst von\" \/>\n\t<meta name=\"twitter:data1\" content=\"Felix\" \/>\n\t<meta name=\"twitter:label2\" content=\"Gesch\u00e4tzte Lesezeit\" \/>\n\t<meta name=\"twitter:data2\" content=\"2\u00a0Minuten\" \/>\n<script type=\"application\/ld+json\" class=\"yoast-schema-graph\">{\"@context\":\"https:\/\/schema.org\",\"@graph\":[{\"@type\":\"Organization\",\"@id\":\"https:\/\/www.telefonkonferenz.de\/blog\/#organization\",\"name\":\"Telefonkonferenz.de\",\"url\":\"https:\/\/www.telefonkonferenz.de\/blog\/\",\"sameAs\":[\"https:\/\/www.facebook.com\/TelefonkonferenzDe\/\",\"https:\/\/twitter.com\/Telko_DE\"],\"logo\":{\"@type\":\"ImageObject\",\"@id\":\"https:\/\/www.telefonkonferenz.de\/blog\/#logo\",\"inLanguage\":\"de\",\"url\":\"https:\/\/www.telefonkonferenz.de\/blog\/wp-content\/uploads\/2016\/02\/telefonkonferenz-icon-1024.png\",\"contentUrl\":\"https:\/\/www.telefonkonferenz.de\/blog\/wp-content\/uploads\/2016\/02\/telefonkonferenz-icon-1024.png\",\"width\":1024,\"height\":1024,\"caption\":\"Telefonkonferenz.de\"},\"image\":{\"@id\":\"https:\/\/www.telefonkonferenz.de\/blog\/#logo\"}},{\"@type\":\"WebSite\",\"@id\":\"https:\/\/www.telefonkonferenz.de\/blog\/#website\",\"url\":\"https:\/\/www.telefonkonferenz.de\/blog\/\",\"name\":\"Telefonkonferenz.de-Blog\",\"description\":\"\",\"publisher\":{\"@id\":\"https:\/\/www.telefonkonferenz.de\/blog\/#organization\"},\"potentialAction\":[{\"@type\":\"SearchAction\",\"target\":{\"@type\":\"EntryPoint\",\"urlTemplate\":\"https:\/\/www.telefonkonferenz.de\/blog\/?s={search_term_string}\"},\"query-input\":\"required name=search_term_string\"}],\"inLanguage\":\"de\"},{\"@type\":\"WebPage\",\"@id\":\"https:\/\/www.telefonkonferenz.de\/blog\/iphone-se-apple-veroeffentlicht-neuversion-des-klassikers\/#webpage\",\"url\":\"https:\/\/www.telefonkonferenz.de\/blog\/iphone-se-apple-veroeffentlicht-neuversion-des-klassikers\/\",\"name\":\"iPhone SE: Apple ver\\u00f6ffentlicht Neuversion des Klassikers - Telefonkonferenz.de-Blog\",\"isPartOf\":{\"@id\":\"https:\/\/www.telefonkonferenz.de\/blog\/#website\"},\"datePublished\":\"2020-04-16T15:59:27+00:00\",\"dateModified\":\"2021-06-15T09:47:34+00:00\",\"description\":\"Zweite Generation des iPhone SE von Apple vorgestellt: wichtigste technische Eckdaten und neue Features in der Zusammenfassung!\",\"breadcrumb\":{\"@id\":\"https:\/\/www.telefonkonferenz.de\/blog\/iphone-se-apple-veroeffentlicht-neuversion-des-klassikers\/#breadcrumb\"},\"inLanguage\":\"de\",\"potentialAction\":[{\"@type\":\"ReadAction\",\"target\":[\"https:\/\/www.telefonkonferenz.de\/blog\/iphone-se-apple-veroeffentlicht-neuversion-des-klassikers\/\"]}]},{\"@type\":\"BreadcrumbList\",\"@id\":\"https:\/\/www.telefonkonferenz.de\/blog\/iphone-se-apple-veroeffentlicht-neuversion-des-klassikers\/#breadcrumb\",\"itemListElement\":[{\"@type\":\"ListItem\",\"position\":1,\"name\":\"Home\",\"item\":\"https:\/\/www.telefonkonferenz.de\/blog\/\"},{\"@type\":\"ListItem\",\"position\":2,\"name\":\"iPhone SE: Apple ver\\u00f6ffentlicht Neuversion des Klassikers\"}]},{\"@type\":\"Article\",\"@id\":\"https:\/\/www.telefonkonferenz.de\/blog\/iphone-se-apple-veroeffentlicht-neuversion-des-klassikers\/#article\",\"isPartOf\":{\"@id\":\"https:\/\/www.telefonkonferenz.de\/blog\/iphone-se-apple-veroeffentlicht-neuversion-des-klassikers\/#webpage\"},\"author\":{\"@id\":\"https:\/\/www.telefonkonferenz.de\/blog\/#\/schema\/person\/e2180a28a52721fd9707c0b0261b83fe\"},\"headline\":\"iPhone SE: Apple ver\\u00f6ffentlicht Neuversion des Klassikers\",\"datePublished\":\"2020-04-16T15:59:27+00:00\",\"dateModified\":\"2021-06-15T09:47:34+00:00\",\"mainEntityOfPage\":{\"@id\":\"https:\/\/www.telefonkonferenz.de\/blog\/iphone-se-apple-veroeffentlicht-neuversion-des-klassikers\/#webpage\"},\"wordCount\":323,\"publisher\":{\"@id\":\"https:\/\/www.telefonkonferenz.de\/blog\/#organization\"},\"keywords\":[\"Apple\",\"Smartphone\"],\"articleSection\":[\"Technologie\"],\"inLanguage\":\"de\"},{\"@type\":\"Person\",\"@id\":\"https:\/\/www.telefonkonferenz.de\/blog\/#\/schema\/person\/e2180a28a52721fd9707c0b0261b83fe\",\"name\":\"Felix\",\"url\":\"https:\/\/www.telefonkonferenz.de\/blog\/author\/felix\/\"}]}<\/script>\n<!-- \/ Yoast SEO plugin. -->","yoast_head_json":{"title":"iPhone SE: Apple ver\u00f6ffentlicht Neuversion des Klassikers - Telefonkonferenz.de-Blog","description":"Zweite Generation des iPhone SE von Apple vorgestellt: wichtigste technische Eckdaten und neue Features in der Zusammenfassung!","robots":{"index":"index","follow":"follow","max-snippet":"max-snippet:-1","max-image-preview":"max-image-preview:large","max-video-preview":"max-video-preview:-1"},"canonical":"https:\/\/www.telefonkonferenz.de\/blog\/iphone-se-apple-veroeffentlicht-neuversion-des-klassikers\/","og_locale":"de_DE","og_type":"article","og_title":"iPhone SE: Apple ver\u00f6ffentlicht Neuversion des Klassikers - Telefonkonferenz.de-Blog","og_url":"https:\/\/www.telefonkonferenz.de\/blog\/iphone-se-apple-veroeffentlicht-neuversion-des-klassikers\/","og_site_name":"Telefonkonferenz.de-Blog","article_publisher":"https:\/\/www.facebook.com\/TelefonkonferenzDe\/","article_published_time":"2020-04-16T15:59:27+00:00","article_modified_time":"2021-06-15T09:47:34+00:00","og_image":[{"width":1960,"height":1198,"url":"https:\/\/www.telefonkonferenz.de\/blog\/wp-content\/uploads\/2020\/04\/iphone-se.jpg","type":"image\/jpeg"}],"twitter_card":"summary_large_image","twitter_creator":"@Telko_DE","twitter_site":"@Telko_DE","twitter_misc":{"Verfasst von":"Felix","Gesch\u00e4tzte Lesezeit":"2\u00a0Minuten"},"schema":{"@context":"https:\/\/schema.org","@graph":[{"@type":"Organization","@id":"https:\/\/www.telefonkonferenz.de\/blog\/#organization","name":"Telefonkonferenz.de","url":"https:\/\/www.telefonkonferenz.de\/blog\/","sameAs":["https:\/\/www.facebook.com\/TelefonkonferenzDe\/","https:\/\/twitter.com\/Telko_DE"],"logo":{"@type":"ImageObject","@id":"https:\/\/www.telefonkonferenz.de\/blog\/#logo","inLanguage":"de","url":"https:\/\/www.telefonkonferenz.de\/blog\/wp-content\/uploads\/2016\/02\/telefonkonferenz-icon-1024.png","contentUrl":"https:\/\/www.telefonkonferenz.de\/blog\/wp-content\/uploads\/2016\/02\/telefonkonferenz-icon-1024.png","width":1024,"height":1024,"caption":"Telefonkonferenz.de"},"image":{"@id":"https:\/\/www.telefonkonferenz.de\/blog\/#logo"}},{"@type":"WebSite","@id":"https:\/\/www.telefonkonferenz.de\/blog\/#website","url":"https:\/\/www.telefonkonferenz.de\/blog\/","name":"Telefonkonferenz.de-Blog","description":"","publisher":{"@id":"https:\/\/www.telefonkonferenz.de\/blog\/#organization"},"potentialAction":[{"@type":"SearchAction","target":{"@type":"EntryPoint","urlTemplate":"https:\/\/www.telefonkonferenz.de\/blog\/?s={search_term_string}"},"query-input":"required name=search_term_string"}],"inLanguage":"de"},{"@type":"WebPage","@id":"https:\/\/www.telefonkonferenz.de\/blog\/iphone-se-apple-veroeffentlicht-neuversion-des-klassikers\/#webpage","url":"https:\/\/www.telefonkonferenz.de\/blog\/iphone-se-apple-veroeffentlicht-neuversion-des-klassikers\/","name":"iPhone SE: Apple ver\u00f6ffentlicht Neuversion des Klassikers - Telefonkonferenz.de-Blog","isPartOf":{"@id":"https:\/\/www.telefonkonferenz.de\/blog\/#website"},"datePublished":"2020-04-16T15:59:27+00:00","dateModified":"2021-06-15T09:47:34+00:00","description":"Zweite Generation des iPhone SE von Apple vorgestellt: wichtigste technische Eckdaten und neue Features in der Zusammenfassung!","breadcrumb":{"@id":"https:\/\/www.telefonkonferenz.de\/blog\/iphone-se-apple-veroeffentlicht-neuversion-des-klassikers\/#breadcrumb"},"inLanguage":"de","potentialAction":[{"@type":"ReadAction","target":["https:\/\/www.telefonkonferenz.de\/blog\/iphone-se-apple-veroeffentlicht-neuversion-des-klassikers\/"]}]},{"@type":"BreadcrumbList","@id":"https:\/\/www.telefonkonferenz.de\/blog\/iphone-se-apple-veroeffentlicht-neuversion-des-klassikers\/#breadcrumb","itemListElement":[{"@type":"ListItem","position":1,"name":"Home","item":"https:\/\/www.telefonkonferenz.de\/blog\/"},{"@type":"ListItem","position":2,"name":"iPhone SE: Apple ver\u00f6ffentlicht Neuversion des Klassikers"}]},{"@type":"Article","@id":"https:\/\/www.telefonkonferenz.de\/blog\/iphone-se-apple-veroeffentlicht-neuversion-des-klassikers\/#article","isPartOf":{"@id":"https:\/\/www.telefonkonferenz.de\/blog\/iphone-se-apple-veroeffentlicht-neuversion-des-klassikers\/#webpage"},"author":{"@id":"https:\/\/www.telefonkonferenz.de\/blog\/#\/schema\/person\/e2180a28a52721fd9707c0b0261b83fe"},"headline":"iPhone SE: Apple ver\u00f6ffentlicht Neuversion des Klassikers","datePublished":"2020-04-16T15:59:27+00:00","dateModified":"2021-06-15T09:47:34+00:00","mainEntityOfPage":{"@id":"https:\/\/www.telefonkonferenz.de\/blog\/iphone-se-apple-veroeffentlicht-neuversion-des-klassikers\/#webpage"},"wordCount":323,"publisher":{"@id":"https:\/\/www.telefonkonferenz.de\/blog\/#organization"},"keywords":["Apple","Smartphone"],"articleSection":["Technologie"],"inLanguage":"de"},{"@type":"Person","@id":"https:\/\/www.telefonkonferenz.de\/blog\/#\/schema\/person\/e2180a28a52721fd9707c0b0261b83fe","name":"Felix","url":"https:\/\/www.telefonkonferenz.de\/blog\/author\/felix\/"}]}},"_links":{"self":[{"href":"https:\/\/www.telefonkonferenz.de\/blog\/wp-json\/wp\/v2\/posts\/1754"}],"collection":[{"href":"https:\/\/www.telefonkonferenz.de\/blog\/wp-json\/wp\/v2\/posts"}],"about":[{"href":"https:\/\/www.telefonkonferenz.de\/blog\/wp-json\/wp\/v2\/types\/post"}],"author":[{"embeddable":true,"href":"https:\/\/www.telefonkonferenz.de\/blog\/wp-json\/wp\/v2\/users\/2"}],"replies":[{"embeddable":true,"href":"https:\/\/www.telefonkonferenz.de\/blog\/wp-json\/wp\/v2\/comments?post=1754"}],"version-history":[{"count":1,"href":"https:\/\/www.telefonkonferenz.de\/blog\/wp-json\/wp\/v2\/posts\/1754\/revisions"}],"predecessor-version":[{"id":1756,"href":"https:\/\/www.telefonkonferenz.de\/blog\/wp-json\/wp\/v2\/posts\/1754\/revisions\/1756"}],"wp:attachment":[{"href":"https:\/\/www.telefonkonferenz.de\/blog\/wp-json\/wp\/v2\/media?parent=1754"}],"wp:term":[{"taxonomy":"category","embeddable":true,"href":"https:\/\/www.telefonkonferenz.de\/blog\/wp-json\/wp\/v2\/categories?post=1754"},{"taxonomy":"post_tag","embeddable":true,"href":"https:\/\/www.telefonkonferenz.de\/blog\/wp-json\/wp\/v2\/tags?post=1754"}],"curies":[{"name":"wp","href":"https:\/\/api.w.org\/{rel}","templated":true}]}}