{"id":1818,"date":"2020-06-19T14:00:50","date_gmt":"2020-06-19T12:00:50","guid":{"rendered":"https:\/\/www.telefonkonferenz.de\/blog\/?p=1818"},"modified":"2021-06-15T11:47:26","modified_gmt":"2021-06-15T09:47:26","slug":"corona-warn-app-zum-download-verfuegbar","status":"publish","type":"post","link":"https:\/\/www.telefonkonferenz.de\/blog\/corona-warn-app-zum-download-verfuegbar\/","title":{"rendered":"Corona-Warn-App zum Download verf\u00fcgbar"},"content":{"rendered":"\n<p>Seit wenigen Tagen kann die neue Corona-Warn-App endlich heruntergeladen\nwerden und noch scheiden sich die Geister \u00fcber die Anwendung. Im folgenden\nArtikel erfahren Sie, ob was an der Kritik dran ist.<\/p><!--more-->\n\n\n\n<h2><strong>So funktioniert die\nCorona-Warn-App<\/strong><\/h2>\n\n\n\n<p>Das wichtigste vorweg: Niemand ist gezwungen, die App zu installieren, auch wenn eine m\u00f6glichst hohe Userzahl notwendig ist, damit das Warnsystem funktioniert. Dar\u00fcber hinaus kann die App jederzeit wieder deaktiviert oder deinstalliert werden. Die Funktionsweise ist, <a href=\"https:\/\/www.telefonkonferenz.de\/blog\/corona-app-so-funktioniert-das-contact-tracing-per-smartphone\/\">wie bereits seit einigen Wochen bekannt<\/a>, wie folgt: Ger\u00e4te, auf denen die App installiert ist, senden alle zweieinhalb bis f\u00fcnf Minuten anonyme Identifikationsnummern per Bluetooth-Signal aus. Wenn eine Person sich als infiziert meldet, bekommen alle Nutzerinnen und Nutzer eine Benachrichtigung, welche sich in den vergangenen Wochen mindestens 15 Minuten innerhalb von 2 Metern oder n\u00e4her neben der Person aufgehalten haben.<\/p>\n\n\n\n<h2><strong>Datenschutz<\/strong><\/h2>\n\n\n\n<p>Die wohl gr\u00f6\u00dfte Sorge der Corona-Warn-App-Gegner ist der Datenschutz. So glauben manche, dass die App es dem Staat erlaubt, Daten \u00fcber B\u00fcrgerinnen und B\u00fcrger zu sammeln. Die Corona-Warn-App soll ihrer Ansicht nach eine \u201e\u00dcberwachungsapp\u201c der Bundesregierung sein &#8211; dies ist allerdings schlichtweg falsch. Weder die Regierung noch andere Teile des Staatsapparates haben direkten Zugriff auf die in der App erhobenen Daten. Diese werden dezentral auf den Smartphones der User gespeichert, wobei lediglich anonymisierte Signale untereinander ausgetauscht werden. Damit erf\u00fcllt die Corona-Warn-App Prinzipien, wie sie auch in Gesetzen zu <a href=\"https:\/\/www.bussgeldkatalog.org\/datenschutz-datenschutzrichtlinie\/\">Datenschutz<\/a> festgelegt sind.<\/p>\n\n\n\n<h2><strong>Fehlende\nKompatibilit\u00e4t<\/strong><\/h2>\n\n\n\n<p>Ein anderer Kritikpunkt der App ist fehlende Kompatibilit\u00e4t, wobei dies hier tats\u00e4chlich ein doppeltes Problem ist. Zum einen kann die App nur auf Ger\u00e4ten installiert werden, welche Android und iOS unterst\u00fctzen, was bereits einen Teil der Bev\u00f6lkerung ausschlie\u00dft. Dar\u00fcber hinaus muss bei iOS die neueste Version 13.5 des Betriebssystems installiert sein, welche nur abw\u00e4rts kompatibel bis iPhone 6s ist. Bei Android muss mindestens die Version<em> Marshmallow<\/em>  installiert sein. Laut <a rel=\"nofollow\" href=\"https:\/\/www.faz.net\/2.1652\/so-viele-deutsche-koennen-die-corona-app-ueberhaupt-nutzen-16819819-p2.html\">FAZ<\/a> schlie\u00dfen diese Kriterien zwischen ca. 49,8 und 50,7 Millionen Menschen in Deutschland ein. Die aktuelle Downloadzahl bel\u00e4uft sich auf 9,6 Millionen.<\/p>\n\n\n\n<p>Das zweite Kompatibilit\u00e4tsproblem ist anderer Natur. Bereits vor Wochen wurden Rufe nach einer gemeinsamen europ\u00e4ischen L\u00f6sung laut, um trotz Grenz\u00f6ffnung, insbesondere w\u00e4hrend der Urlaubszeit, den \u00dcberblick \u00fcber Infektionsketten zu behalten. Stattdessen ist das Gegenteil passiert. Es gibt eine Vielzahl an Corona-Apps \u2013 fast jedes Land kocht sein eigenes S\u00fcppchen, und das mit unterschiedlichen Ans\u00e4tzen. Die franz\u00f6sische Corona-App l\u00e4uft beispielsweise \u00fcber zentrale Datenspeicherung. Dadurch ist eine zuk\u00fcnftige, l\u00e4nder\u00fcbergreifende Zusammenarbeit der Apps nahezu ausgeschlossen.<\/p>\n\n\n\n<p>Bild: Bundesregierung<\/p>\n","protected":false},"excerpt":{"rendered":"<p>Seit wenigen Tagen kann die neue Corona-Warn-App endlich heruntergeladen werden und noch scheiden sich die Geister \u00fcber die Anwendung. Im folgenden Artikel erfahren Sie, ob was an der Kritik dran<\/p>\n<div class=\"more-link-wrapper\"><a class=\"more-link\" href=\"https:\/\/www.telefonkonferenz.de\/blog\/corona-warn-app-zum-download-verfuegbar\/\">Weiterlesen<span class=\"screen-reader-text\">Corona-Warn-App zum Download verf\u00fcgbar<\/span><\/a><\/div>\n","protected":false},"author":2,"featured_media":0,"comment_status":"closed","ping_status":"open","sticky":false,"template":"","format":"standard","meta":{"_monsterinsights_skip_tracking":false,"_monsterinsights_sitenote_active":false,"_monsterinsights_sitenote_note":"","_monsterinsights_sitenote_category":0},"categories":[21],"tags":[232,146,226,227,123],"yoast_head":"<!-- This site is optimized with the Yoast SEO plugin v17.3 - https:\/\/yoast.com\/wordpress\/plugins\/seo\/ -->\n<title>Corona-Warn-App zum Download verf\u00fcgbar - Telefonkonferenz.de-Blog<\/title>\n<meta name=\"description\" content=\"Die Corona-Warn-App ist endlich erschienen. Hier erfahren Sie, wie die App funktioniert und welche berechtigte und unberechtigte Kritik es gibt.\" \/>\n<meta name=\"robots\" content=\"index, follow, max-snippet:-1, max-image-preview:large, max-video-preview:-1\" \/>\n<link rel=\"canonical\" href=\"https:\/\/www.telefonkonferenz.de\/blog\/corona-warn-app-zum-download-verfuegbar\/\" \/>\n<meta property=\"og:locale\" content=\"de_DE\" \/>\n<meta property=\"og:type\" content=\"article\" \/>\n<meta property=\"og:title\" content=\"Corona-Warn-App zum Download verf\u00fcgbar - Telefonkonferenz.de-Blog\" \/>\n<meta property=\"og:url\" content=\"https:\/\/www.telefonkonferenz.de\/blog\/corona-warn-app-zum-download-verfuegbar\/\" \/>\n<meta property=\"og:site_name\" content=\"Telefonkonferenz.de-Blog\" \/>\n<meta property=\"article:publisher\" content=\"https:\/\/www.facebook.com\/TelefonkonferenzDe\/\" \/>\n<meta property=\"article:published_time\" content=\"2020-06-19T12:00:50+00:00\" \/>\n<meta property=\"article:modified_time\" content=\"2021-06-15T09:47:26+00:00\" \/>\n<meta property=\"og:image\" content=\"https:\/\/www.telefonkonferenz.de\/blog\/wp-content\/uploads\/2020\/06\/corona-warn-app.jpeg\" \/>\n\t<meta property=\"og:image:width\" content=\"617\" \/>\n\t<meta property=\"og:image:height\" content=\"346\" \/>\n<meta name=\"twitter:card\" content=\"summary_large_image\" \/>\n<meta name=\"twitter:creator\" content=\"@Telko_DE\" \/>\n<meta name=\"twitter:site\" content=\"@Telko_DE\" \/>\n<meta name=\"twitter:label1\" content=\"Verfasst von\" \/>\n\t<meta name=\"twitter:data1\" content=\"Felix\" \/>\n\t<meta name=\"twitter:label2\" content=\"Gesch\u00e4tzte Lesezeit\" \/>\n\t<meta name=\"twitter:data2\" content=\"2\u00a0Minuten\" \/>\n<script type=\"application\/ld+json\" class=\"yoast-schema-graph\">{\"@context\":\"https:\/\/schema.org\",\"@graph\":[{\"@type\":\"Organization\",\"@id\":\"https:\/\/www.telefonkonferenz.de\/blog\/#organization\",\"name\":\"Telefonkonferenz.de\",\"url\":\"https:\/\/www.telefonkonferenz.de\/blog\/\",\"sameAs\":[\"https:\/\/www.facebook.com\/TelefonkonferenzDe\/\",\"https:\/\/twitter.com\/Telko_DE\"],\"logo\":{\"@type\":\"ImageObject\",\"@id\":\"https:\/\/www.telefonkonferenz.de\/blog\/#logo\",\"inLanguage\":\"de\",\"url\":\"https:\/\/www.telefonkonferenz.de\/blog\/wp-content\/uploads\/2016\/02\/telefonkonferenz-icon-1024.png\",\"contentUrl\":\"https:\/\/www.telefonkonferenz.de\/blog\/wp-content\/uploads\/2016\/02\/telefonkonferenz-icon-1024.png\",\"width\":1024,\"height\":1024,\"caption\":\"Telefonkonferenz.de\"},\"image\":{\"@id\":\"https:\/\/www.telefonkonferenz.de\/blog\/#logo\"}},{\"@type\":\"WebSite\",\"@id\":\"https:\/\/www.telefonkonferenz.de\/blog\/#website\",\"url\":\"https:\/\/www.telefonkonferenz.de\/blog\/\",\"name\":\"Telefonkonferenz.de-Blog\",\"description\":\"\",\"publisher\":{\"@id\":\"https:\/\/www.telefonkonferenz.de\/blog\/#organization\"},\"potentialAction\":[{\"@type\":\"SearchAction\",\"target\":{\"@type\":\"EntryPoint\",\"urlTemplate\":\"https:\/\/www.telefonkonferenz.de\/blog\/?s={search_term_string}\"},\"query-input\":\"required name=search_term_string\"}],\"inLanguage\":\"de\"},{\"@type\":\"WebPage\",\"@id\":\"https:\/\/www.telefonkonferenz.de\/blog\/corona-warn-app-zum-download-verfuegbar\/#webpage\",\"url\":\"https:\/\/www.telefonkonferenz.de\/blog\/corona-warn-app-zum-download-verfuegbar\/\",\"name\":\"Corona-Warn-App zum Download verf\\u00fcgbar - Telefonkonferenz.de-Blog\",\"isPartOf\":{\"@id\":\"https:\/\/www.telefonkonferenz.de\/blog\/#website\"},\"datePublished\":\"2020-06-19T12:00:50+00:00\",\"dateModified\":\"2021-06-15T09:47:26+00:00\",\"description\":\"Die Corona-Warn-App ist endlich erschienen. Hier erfahren Sie, wie die App funktioniert und welche berechtigte und unberechtigte Kritik es gibt.\",\"breadcrumb\":{\"@id\":\"https:\/\/www.telefonkonferenz.de\/blog\/corona-warn-app-zum-download-verfuegbar\/#breadcrumb\"},\"inLanguage\":\"de\",\"potentialAction\":[{\"@type\":\"ReadAction\",\"target\":[\"https:\/\/www.telefonkonferenz.de\/blog\/corona-warn-app-zum-download-verfuegbar\/\"]}]},{\"@type\":\"BreadcrumbList\",\"@id\":\"https:\/\/www.telefonkonferenz.de\/blog\/corona-warn-app-zum-download-verfuegbar\/#breadcrumb\",\"itemListElement\":[{\"@type\":\"ListItem\",\"position\":1,\"name\":\"Home\",\"item\":\"https:\/\/www.telefonkonferenz.de\/blog\/\"},{\"@type\":\"ListItem\",\"position\":2,\"name\":\"Corona-Warn-App zum Download verf\\u00fcgbar\"}]},{\"@type\":\"Article\",\"@id\":\"https:\/\/www.telefonkonferenz.de\/blog\/corona-warn-app-zum-download-verfuegbar\/#article\",\"isPartOf\":{\"@id\":\"https:\/\/www.telefonkonferenz.de\/blog\/corona-warn-app-zum-download-verfuegbar\/#webpage\"},\"author\":{\"@id\":\"https:\/\/www.telefonkonferenz.de\/blog\/#\/schema\/person\/e2180a28a52721fd9707c0b0261b83fe\"},\"headline\":\"Corona-Warn-App zum Download verf\\u00fcgbar\",\"datePublished\":\"2020-06-19T12:00:50+00:00\",\"dateModified\":\"2021-06-15T09:47:26+00:00\",\"mainEntityOfPage\":{\"@id\":\"https:\/\/www.telefonkonferenz.de\/blog\/corona-warn-app-zum-download-verfuegbar\/#webpage\"},\"wordCount\":420,\"publisher\":{\"@id\":\"https:\/\/www.telefonkonferenz.de\/blog\/#organization\"},\"keywords\":[\"Android\",\"Apple\",\"Apps\",\"Coronavirus\",\"Deutschland\"],\"articleSection\":[\"Technologie\"],\"inLanguage\":\"de\"},{\"@type\":\"Person\",\"@id\":\"https:\/\/www.telefonkonferenz.de\/blog\/#\/schema\/person\/e2180a28a52721fd9707c0b0261b83fe\",\"name\":\"Felix\",\"url\":\"https:\/\/www.telefonkonferenz.de\/blog\/author\/felix\/\"}]}<\/script>\n<!-- \/ Yoast SEO plugin. -->","yoast_head_json":{"title":"Corona-Warn-App zum Download verf\u00fcgbar - Telefonkonferenz.de-Blog","description":"Die Corona-Warn-App ist endlich erschienen. Hier erfahren Sie, wie die App funktioniert und welche berechtigte und unberechtigte Kritik es gibt.","robots":{"index":"index","follow":"follow","max-snippet":"max-snippet:-1","max-image-preview":"max-image-preview:large","max-video-preview":"max-video-preview:-1"},"canonical":"https:\/\/www.telefonkonferenz.de\/blog\/corona-warn-app-zum-download-verfuegbar\/","og_locale":"de_DE","og_type":"article","og_title":"Corona-Warn-App zum Download verf\u00fcgbar - Telefonkonferenz.de-Blog","og_url":"https:\/\/www.telefonkonferenz.de\/blog\/corona-warn-app-zum-download-verfuegbar\/","og_site_name":"Telefonkonferenz.de-Blog","article_publisher":"https:\/\/www.facebook.com\/TelefonkonferenzDe\/","article_published_time":"2020-06-19T12:00:50+00:00","article_modified_time":"2021-06-15T09:47:26+00:00","og_image":[{"width":617,"height":346,"url":"https:\/\/www.telefonkonferenz.de\/blog\/wp-content\/uploads\/2020\/06\/corona-warn-app.jpeg","type":"image\/jpeg"}],"twitter_card":"summary_large_image","twitter_creator":"@Telko_DE","twitter_site":"@Telko_DE","twitter_misc":{"Verfasst von":"Felix","Gesch\u00e4tzte Lesezeit":"2\u00a0Minuten"},"schema":{"@context":"https:\/\/schema.org","@graph":[{"@type":"Organization","@id":"https:\/\/www.telefonkonferenz.de\/blog\/#organization","name":"Telefonkonferenz.de","url":"https:\/\/www.telefonkonferenz.de\/blog\/","sameAs":["https:\/\/www.facebook.com\/TelefonkonferenzDe\/","https:\/\/twitter.com\/Telko_DE"],"logo":{"@type":"ImageObject","@id":"https:\/\/www.telefonkonferenz.de\/blog\/#logo","inLanguage":"de","url":"https:\/\/www.telefonkonferenz.de\/blog\/wp-content\/uploads\/2016\/02\/telefonkonferenz-icon-1024.png","contentUrl":"https:\/\/www.telefonkonferenz.de\/blog\/wp-content\/uploads\/2016\/02\/telefonkonferenz-icon-1024.png","width":1024,"height":1024,"caption":"Telefonkonferenz.de"},"image":{"@id":"https:\/\/www.telefonkonferenz.de\/blog\/#logo"}},{"@type":"WebSite","@id":"https:\/\/www.telefonkonferenz.de\/blog\/#website","url":"https:\/\/www.telefonkonferenz.de\/blog\/","name":"Telefonkonferenz.de-Blog","description":"","publisher":{"@id":"https:\/\/www.telefonkonferenz.de\/blog\/#organization"},"potentialAction":[{"@type":"SearchAction","target":{"@type":"EntryPoint","urlTemplate":"https:\/\/www.telefonkonferenz.de\/blog\/?s={search_term_string}"},"query-input":"required name=search_term_string"}],"inLanguage":"de"},{"@type":"WebPage","@id":"https:\/\/www.telefonkonferenz.de\/blog\/corona-warn-app-zum-download-verfuegbar\/#webpage","url":"https:\/\/www.telefonkonferenz.de\/blog\/corona-warn-app-zum-download-verfuegbar\/","name":"Corona-Warn-App zum Download verf\u00fcgbar - Telefonkonferenz.de-Blog","isPartOf":{"@id":"https:\/\/www.telefonkonferenz.de\/blog\/#website"},"datePublished":"2020-06-19T12:00:50+00:00","dateModified":"2021-06-15T09:47:26+00:00","description":"Die Corona-Warn-App ist endlich erschienen. Hier erfahren Sie, wie die App funktioniert und welche berechtigte und unberechtigte Kritik es gibt.","breadcrumb":{"@id":"https:\/\/www.telefonkonferenz.de\/blog\/corona-warn-app-zum-download-verfuegbar\/#breadcrumb"},"inLanguage":"de","potentialAction":[{"@type":"ReadAction","target":["https:\/\/www.telefonkonferenz.de\/blog\/corona-warn-app-zum-download-verfuegbar\/"]}]},{"@type":"BreadcrumbList","@id":"https:\/\/www.telefonkonferenz.de\/blog\/corona-warn-app-zum-download-verfuegbar\/#breadcrumb","itemListElement":[{"@type":"ListItem","position":1,"name":"Home","item":"https:\/\/www.telefonkonferenz.de\/blog\/"},{"@type":"ListItem","position":2,"name":"Corona-Warn-App zum Download verf\u00fcgbar"}]},{"@type":"Article","@id":"https:\/\/www.telefonkonferenz.de\/blog\/corona-warn-app-zum-download-verfuegbar\/#article","isPartOf":{"@id":"https:\/\/www.telefonkonferenz.de\/blog\/corona-warn-app-zum-download-verfuegbar\/#webpage"},"author":{"@id":"https:\/\/www.telefonkonferenz.de\/blog\/#\/schema\/person\/e2180a28a52721fd9707c0b0261b83fe"},"headline":"Corona-Warn-App zum Download verf\u00fcgbar","datePublished":"2020-06-19T12:00:50+00:00","dateModified":"2021-06-15T09:47:26+00:00","mainEntityOfPage":{"@id":"https:\/\/www.telefonkonferenz.de\/blog\/corona-warn-app-zum-download-verfuegbar\/#webpage"},"wordCount":420,"publisher":{"@id":"https:\/\/www.telefonkonferenz.de\/blog\/#organization"},"keywords":["Android","Apple","Apps","Coronavirus","Deutschland"],"articleSection":["Technologie"],"inLanguage":"de"},{"@type":"Person","@id":"https:\/\/www.telefonkonferenz.de\/blog\/#\/schema\/person\/e2180a28a52721fd9707c0b0261b83fe","name":"Felix","url":"https:\/\/www.telefonkonferenz.de\/blog\/author\/felix\/"}]}},"_links":{"self":[{"href":"https:\/\/www.telefonkonferenz.de\/blog\/wp-json\/wp\/v2\/posts\/1818"}],"collection":[{"href":"https:\/\/www.telefonkonferenz.de\/blog\/wp-json\/wp\/v2\/posts"}],"about":[{"href":"https:\/\/www.telefonkonferenz.de\/blog\/wp-json\/wp\/v2\/types\/post"}],"author":[{"embeddable":true,"href":"https:\/\/www.telefonkonferenz.de\/blog\/wp-json\/wp\/v2\/users\/2"}],"replies":[{"embeddable":true,"href":"https:\/\/www.telefonkonferenz.de\/blog\/wp-json\/wp\/v2\/comments?post=1818"}],"version-history":[{"count":12,"href":"https:\/\/www.telefonkonferenz.de\/blog\/wp-json\/wp\/v2\/posts\/1818\/revisions"}],"predecessor-version":[{"id":1834,"href":"https:\/\/www.telefonkonferenz.de\/blog\/wp-json\/wp\/v2\/posts\/1818\/revisions\/1834"}],"wp:attachment":[{"href":"https:\/\/www.telefonkonferenz.de\/blog\/wp-json\/wp\/v2\/media?parent=1818"}],"wp:term":[{"taxonomy":"category","embeddable":true,"href":"https:\/\/www.telefonkonferenz.de\/blog\/wp-json\/wp\/v2\/categories?post=1818"},{"taxonomy":"post_tag","embeddable":true,"href":"https:\/\/www.telefonkonferenz.de\/blog\/wp-json\/wp\/v2\/tags?post=1818"}],"curies":[{"name":"wp","href":"https:\/\/api.w.org\/{rel}","templated":true}]}}