{"id":2125,"date":"2020-12-30T18:42:15","date_gmt":"2020-12-30T17:42:15","guid":{"rendered":"https:\/\/www.telefonkonferenz.de\/blog\/?p=2125"},"modified":"2021-06-15T11:47:06","modified_gmt":"2021-06-15T09:47:06","slug":"kontakt-tagebuch-update-fuer-corona-warn-app","status":"publish","type":"post","link":"https:\/\/www.telefonkonferenz.de\/blog\/kontakt-tagebuch-update-fuer-corona-warn-app\/","title":{"rendered":"Kontakt-Tagebuch: Update f\u00fcr Corona-Warn-App"},"content":{"rendered":"\n<p>Die Bundesregierung ver\u00f6ffentlichte k\u00fcrzlich die neue Version der Corona-Warn-App 1.10. Die wohl wichtigste Neuerung ist ein neues Feature: Das Kontakt-Tagebuch.<\/p><!--more-->\n\n\n\n<h2><strong>Corona-Warn-App 1.10<\/strong><\/h2>\n\n\n\n<p>Es ist noch nicht mal zwei Wochen her, da erschien das letzte Update 1.9 f\u00fcr die Corona-Warn-App. Dabei wurde die Schnittstelle <em>Exposure Notification Framework<\/em> (ENF), welche Google und Apple entwickelten, verbessert. Dies soll die Analyse von Risikokontakten in Zukunft erleichtern. Die App z\u00e4hlt seit ihrer <a href=\"https:\/\/www.telefonkonferenz.de\/blog\/corona-warn-app-zum-download-verfuegbar\/\">Erstver\u00f6ffentlichung<\/a> am 16. Juni 2020 rund 24 Millionen Downloads. Mit der neuen <a href=\"https:\/\/www.coronawarn.app\/de\/blog\/2020-12-28-corona-warn-app-version-1-10\/\" rel=\"nofollow\">Version 1.10<\/a> erweiterten sie die Entwickler nun um ein lange gefordertes Feature.<\/p>\n\n\n\n<p>Bereits vor Ver\u00f6ffentlichung der App hielten Politikerinnen und Politiker die Bev\u00f6lkerung an, Protokoll \u00fcber ihre t\u00e4glichen Begegnungen zu f\u00fchren. Damit kann das zust\u00e4ndige Gesundheitsamt im Fall einer Infektion im Nachhinein erkennen, welche Personen m\u00f6glicherweise ebenfalls infiziert sind. Zwar sind die Erkennung und tempor\u00e4re Speicherung der Kontakte eigentlich die Hauptaufgaben der App, aber zum einen kann es theoretisch zu nicht erkannten Kontakten kommen und zum anderen verf\u00fcgen selbstverst\u00e4ndlich nicht alle Personen \u00fcber die App oder haben ihr Smartphone immer dabei.<\/p>\n\n\n\n<h2><strong>Wie funktioniert das Kontakt-Tagebuch?<\/strong><\/h2>\n\n\n\n<p>Innerhalb der App gibt es eine neue Schaltfl\u00e4che namens Kontakt-Tagebuch, welche ein neues Fenster \u00f6ffnet. Hier werden die letzten 16 Tage als Kalender festgehalten. F\u00fcr jeden Tag k\u00f6nnen User einzeln eintragen, welche Person oder welchen Ort sie besucht haben. Die App speichert diese Eingaben ab, sodass h\u00e4ufige Kontakte oder Orte nicht jedes Mal komplett von neuem eingetippt werden m\u00fcssen. Die Eintragungen werden automatisch nach 16 Tagen gel\u00f6scht, da eine Corona-Infektion nur innerhalb von 14 Tagen nach einem Kontakt stattfinden kann.<\/p>\n\n\n\n<div class=\"wp-block-image\"><figure class=\"aligncenter size-large is-resized\"><img src=\"https:\/\/www.telefonkonferenz.de\/blog\/wp-content\/uploads\/2020\/12\/kontakt-tagebuch.jpg\" alt=\"Kontakt-Tagebuch - Screenshots aus der Corona-Warn-App\" class=\"wp-image-2128\" width=\"605\" height=\"399\"\/><figcaption>Bild: SAP<\/figcaption><\/figure><\/div>\n\n\n\n<p>Die Nutzung dieses Features ist freiwillig. Ist man selbst infiziert, kann man nochmals dar\u00fcber entscheiden, die Daten an das zust\u00e4ndige Gesundheitsamt weiterzugeben. Dies geschieht per SMS, WhatsApp, iMessage oder E-Mail im Rich-Text-Format (RTF). Eine zuverl\u00e4ssig gef\u00fchrte Liste kann im Ernstfall andere Personen vor Ansteckung und damit schwerer Krankheit bewahren. Selbstverst\u00e4ndlich wird eine solche Kontaktliste lediglich f\u00fcr die Identifizierung von Risikobegegnungen verwendet. Danach vernichtet sie das Gesundheitsamt.<\/p>\n","protected":false},"excerpt":{"rendered":"<p>Die Bundesregierung ver\u00f6ffentlichte k\u00fcrzlich die neue Version der Corona-Warn-App 1.10. Die wohl wichtigste Neuerung ist ein neues Feature: Das Kontakt-Tagebuch.<\/p>\n","protected":false},"author":2,"featured_media":0,"comment_status":"closed","ping_status":"open","sticky":false,"template":"","format":"standard","meta":{"_monsterinsights_skip_tracking":false,"_monsterinsights_sitenote_active":false,"_monsterinsights_sitenote_note":"","_monsterinsights_sitenote_category":0},"categories":[2],"tags":[226,227,123],"yoast_head":"<!-- This site is optimized with the Yoast SEO plugin v17.3 - https:\/\/yoast.com\/wordpress\/plugins\/seo\/ -->\n<title>Kontakt-Tagebuch: Update f\u00fcr Corona-Warn-App - Telefonkonferenz.de-Blog<\/title>\n<meta name=\"description\" content=\"Neue Funktion Kontakt-Tagebuch bei Version 1.10 der Corona-Warn-App. Alles was sie \u00fcber das neue Feature wissen m\u00fcssen!\" \/>\n<meta name=\"robots\" content=\"index, follow, max-snippet:-1, max-image-preview:large, max-video-preview:-1\" \/>\n<link rel=\"canonical\" href=\"https:\/\/www.telefonkonferenz.de\/blog\/kontakt-tagebuch-update-fuer-corona-warn-app\/\" \/>\n<meta property=\"og:locale\" content=\"de_DE\" \/>\n<meta property=\"og:type\" content=\"article\" \/>\n<meta property=\"og:title\" content=\"Kontakt-Tagebuch: Update f\u00fcr Corona-Warn-App - Telefonkonferenz.de-Blog\" \/>\n<meta property=\"og:url\" content=\"https:\/\/www.telefonkonferenz.de\/blog\/kontakt-tagebuch-update-fuer-corona-warn-app\/\" \/>\n<meta property=\"og:site_name\" content=\"Telefonkonferenz.de-Blog\" \/>\n<meta property=\"article:publisher\" content=\"https:\/\/www.facebook.com\/TelefonkonferenzDe\/\" \/>\n<meta property=\"article:published_time\" content=\"2020-12-30T17:42:15+00:00\" \/>\n<meta property=\"article:modified_time\" content=\"2021-06-15T09:47:06+00:00\" \/>\n<meta property=\"og:image\" content=\"https:\/\/www.telefonkonferenz.de\/blog\/wp-content\/uploads\/2020\/06\/corona-warn-app.jpeg\" \/>\n\t<meta property=\"og:image:width\" content=\"617\" \/>\n\t<meta property=\"og:image:height\" content=\"346\" \/>\n<meta name=\"twitter:card\" content=\"summary_large_image\" \/>\n<meta name=\"twitter:creator\" content=\"@Telko_DE\" \/>\n<meta name=\"twitter:site\" content=\"@Telko_DE\" \/>\n<meta name=\"twitter:label1\" content=\"Verfasst von\" \/>\n\t<meta name=\"twitter:data1\" content=\"Felix\" \/>\n\t<meta name=\"twitter:label2\" content=\"Gesch\u00e4tzte Lesezeit\" \/>\n\t<meta name=\"twitter:data2\" content=\"2\u00a0Minuten\" \/>\n<script type=\"application\/ld+json\" class=\"yoast-schema-graph\">{\"@context\":\"https:\/\/schema.org\",\"@graph\":[{\"@type\":\"Organization\",\"@id\":\"https:\/\/www.telefonkonferenz.de\/blog\/#organization\",\"name\":\"Telefonkonferenz.de\",\"url\":\"https:\/\/www.telefonkonferenz.de\/blog\/\",\"sameAs\":[\"https:\/\/www.facebook.com\/TelefonkonferenzDe\/\",\"https:\/\/twitter.com\/Telko_DE\"],\"logo\":{\"@type\":\"ImageObject\",\"@id\":\"https:\/\/www.telefonkonferenz.de\/blog\/#logo\",\"inLanguage\":\"de\",\"url\":\"https:\/\/www.telefonkonferenz.de\/blog\/wp-content\/uploads\/2016\/02\/telefonkonferenz-icon-1024.png\",\"contentUrl\":\"https:\/\/www.telefonkonferenz.de\/blog\/wp-content\/uploads\/2016\/02\/telefonkonferenz-icon-1024.png\",\"width\":1024,\"height\":1024,\"caption\":\"Telefonkonferenz.de\"},\"image\":{\"@id\":\"https:\/\/www.telefonkonferenz.de\/blog\/#logo\"}},{\"@type\":\"WebSite\",\"@id\":\"https:\/\/www.telefonkonferenz.de\/blog\/#website\",\"url\":\"https:\/\/www.telefonkonferenz.de\/blog\/\",\"name\":\"Telefonkonferenz.de-Blog\",\"description\":\"\",\"publisher\":{\"@id\":\"https:\/\/www.telefonkonferenz.de\/blog\/#organization\"},\"potentialAction\":[{\"@type\":\"SearchAction\",\"target\":{\"@type\":\"EntryPoint\",\"urlTemplate\":\"https:\/\/www.telefonkonferenz.de\/blog\/?s={search_term_string}\"},\"query-input\":\"required name=search_term_string\"}],\"inLanguage\":\"de\"},{\"@type\":\"ImageObject\",\"@id\":\"https:\/\/www.telefonkonferenz.de\/blog\/kontakt-tagebuch-update-fuer-corona-warn-app\/#primaryimage\",\"inLanguage\":\"de\",\"url\":\"https:\/\/www.telefonkonferenz.de\/blog\/wp-content\/uploads\/2020\/12\/kontakt-tagebuch.jpg\",\"contentUrl\":\"https:\/\/www.telefonkonferenz.de\/blog\/wp-content\/uploads\/2020\/12\/kontakt-tagebuch.jpg\"},{\"@type\":\"WebPage\",\"@id\":\"https:\/\/www.telefonkonferenz.de\/blog\/kontakt-tagebuch-update-fuer-corona-warn-app\/#webpage\",\"url\":\"https:\/\/www.telefonkonferenz.de\/blog\/kontakt-tagebuch-update-fuer-corona-warn-app\/\",\"name\":\"Kontakt-Tagebuch: Update f\\u00fcr Corona-Warn-App - Telefonkonferenz.de-Blog\",\"isPartOf\":{\"@id\":\"https:\/\/www.telefonkonferenz.de\/blog\/#website\"},\"primaryImageOfPage\":{\"@id\":\"https:\/\/www.telefonkonferenz.de\/blog\/kontakt-tagebuch-update-fuer-corona-warn-app\/#primaryimage\"},\"datePublished\":\"2020-12-30T17:42:15+00:00\",\"dateModified\":\"2021-06-15T09:47:06+00:00\",\"description\":\"Neue Funktion Kontakt-Tagebuch bei Version 1.10 der Corona-Warn-App. Alles was sie \\u00fcber das neue Feature wissen m\\u00fcssen!\",\"breadcrumb\":{\"@id\":\"https:\/\/www.telefonkonferenz.de\/blog\/kontakt-tagebuch-update-fuer-corona-warn-app\/#breadcrumb\"},\"inLanguage\":\"de\",\"potentialAction\":[{\"@type\":\"ReadAction\",\"target\":[\"https:\/\/www.telefonkonferenz.de\/blog\/kontakt-tagebuch-update-fuer-corona-warn-app\/\"]}]},{\"@type\":\"BreadcrumbList\",\"@id\":\"https:\/\/www.telefonkonferenz.de\/blog\/kontakt-tagebuch-update-fuer-corona-warn-app\/#breadcrumb\",\"itemListElement\":[{\"@type\":\"ListItem\",\"position\":1,\"name\":\"Home\",\"item\":\"https:\/\/www.telefonkonferenz.de\/blog\/\"},{\"@type\":\"ListItem\",\"position\":2,\"name\":\"Kontakt-Tagebuch: Update f\\u00fcr Corona-Warn-App\"}]},{\"@type\":\"Article\",\"@id\":\"https:\/\/www.telefonkonferenz.de\/blog\/kontakt-tagebuch-update-fuer-corona-warn-app\/#article\",\"isPartOf\":{\"@id\":\"https:\/\/www.telefonkonferenz.de\/blog\/kontakt-tagebuch-update-fuer-corona-warn-app\/#webpage\"},\"author\":{\"@id\":\"https:\/\/www.telefonkonferenz.de\/blog\/#\/schema\/person\/e2180a28a52721fd9707c0b0261b83fe\"},\"headline\":\"Kontakt-Tagebuch: Update f\\u00fcr Corona-Warn-App\",\"datePublished\":\"2020-12-30T17:42:15+00:00\",\"dateModified\":\"2021-06-15T09:47:06+00:00\",\"mainEntityOfPage\":{\"@id\":\"https:\/\/www.telefonkonferenz.de\/blog\/kontakt-tagebuch-update-fuer-corona-warn-app\/#webpage\"},\"wordCount\":343,\"publisher\":{\"@id\":\"https:\/\/www.telefonkonferenz.de\/blog\/#organization\"},\"image\":{\"@id\":\"https:\/\/www.telefonkonferenz.de\/blog\/kontakt-tagebuch-update-fuer-corona-warn-app\/#primaryimage\"},\"thumbnailUrl\":\"https:\/\/www.telefonkonferenz.de\/blog\/wp-content\/uploads\/2020\/12\/kontakt-tagebuch.jpg\",\"keywords\":[\"Apps\",\"Coronavirus\",\"Deutschland\"],\"articleSection\":[\"Nachrichten\"],\"inLanguage\":\"de\"},{\"@type\":\"Person\",\"@id\":\"https:\/\/www.telefonkonferenz.de\/blog\/#\/schema\/person\/e2180a28a52721fd9707c0b0261b83fe\",\"name\":\"Felix\",\"url\":\"https:\/\/www.telefonkonferenz.de\/blog\/author\/felix\/\"}]}<\/script>\n<!-- \/ Yoast SEO plugin. -->","yoast_head_json":{"title":"Kontakt-Tagebuch: Update f\u00fcr Corona-Warn-App - Telefonkonferenz.de-Blog","description":"Neue Funktion Kontakt-Tagebuch bei Version 1.10 der Corona-Warn-App. Alles was sie \u00fcber das neue Feature wissen m\u00fcssen!","robots":{"index":"index","follow":"follow","max-snippet":"max-snippet:-1","max-image-preview":"max-image-preview:large","max-video-preview":"max-video-preview:-1"},"canonical":"https:\/\/www.telefonkonferenz.de\/blog\/kontakt-tagebuch-update-fuer-corona-warn-app\/","og_locale":"de_DE","og_type":"article","og_title":"Kontakt-Tagebuch: Update f\u00fcr Corona-Warn-App - Telefonkonferenz.de-Blog","og_url":"https:\/\/www.telefonkonferenz.de\/blog\/kontakt-tagebuch-update-fuer-corona-warn-app\/","og_site_name":"Telefonkonferenz.de-Blog","article_publisher":"https:\/\/www.facebook.com\/TelefonkonferenzDe\/","article_published_time":"2020-12-30T17:42:15+00:00","article_modified_time":"2021-06-15T09:47:06+00:00","og_image":[{"width":617,"height":346,"url":"https:\/\/www.telefonkonferenz.de\/blog\/wp-content\/uploads\/2020\/06\/corona-warn-app.jpeg","type":"image\/jpeg"}],"twitter_card":"summary_large_image","twitter_creator":"@Telko_DE","twitter_site":"@Telko_DE","twitter_misc":{"Verfasst von":"Felix","Gesch\u00e4tzte Lesezeit":"2\u00a0Minuten"},"schema":{"@context":"https:\/\/schema.org","@graph":[{"@type":"Organization","@id":"https:\/\/www.telefonkonferenz.de\/blog\/#organization","name":"Telefonkonferenz.de","url":"https:\/\/www.telefonkonferenz.de\/blog\/","sameAs":["https:\/\/www.facebook.com\/TelefonkonferenzDe\/","https:\/\/twitter.com\/Telko_DE"],"logo":{"@type":"ImageObject","@id":"https:\/\/www.telefonkonferenz.de\/blog\/#logo","inLanguage":"de","url":"https:\/\/www.telefonkonferenz.de\/blog\/wp-content\/uploads\/2016\/02\/telefonkonferenz-icon-1024.png","contentUrl":"https:\/\/www.telefonkonferenz.de\/blog\/wp-content\/uploads\/2016\/02\/telefonkonferenz-icon-1024.png","width":1024,"height":1024,"caption":"Telefonkonferenz.de"},"image":{"@id":"https:\/\/www.telefonkonferenz.de\/blog\/#logo"}},{"@type":"WebSite","@id":"https:\/\/www.telefonkonferenz.de\/blog\/#website","url":"https:\/\/www.telefonkonferenz.de\/blog\/","name":"Telefonkonferenz.de-Blog","description":"","publisher":{"@id":"https:\/\/www.telefonkonferenz.de\/blog\/#organization"},"potentialAction":[{"@type":"SearchAction","target":{"@type":"EntryPoint","urlTemplate":"https:\/\/www.telefonkonferenz.de\/blog\/?s={search_term_string}"},"query-input":"required name=search_term_string"}],"inLanguage":"de"},{"@type":"ImageObject","@id":"https:\/\/www.telefonkonferenz.de\/blog\/kontakt-tagebuch-update-fuer-corona-warn-app\/#primaryimage","inLanguage":"de","url":"https:\/\/www.telefonkonferenz.de\/blog\/wp-content\/uploads\/2020\/12\/kontakt-tagebuch.jpg","contentUrl":"https:\/\/www.telefonkonferenz.de\/blog\/wp-content\/uploads\/2020\/12\/kontakt-tagebuch.jpg"},{"@type":"WebPage","@id":"https:\/\/www.telefonkonferenz.de\/blog\/kontakt-tagebuch-update-fuer-corona-warn-app\/#webpage","url":"https:\/\/www.telefonkonferenz.de\/blog\/kontakt-tagebuch-update-fuer-corona-warn-app\/","name":"Kontakt-Tagebuch: Update f\u00fcr Corona-Warn-App - Telefonkonferenz.de-Blog","isPartOf":{"@id":"https:\/\/www.telefonkonferenz.de\/blog\/#website"},"primaryImageOfPage":{"@id":"https:\/\/www.telefonkonferenz.de\/blog\/kontakt-tagebuch-update-fuer-corona-warn-app\/#primaryimage"},"datePublished":"2020-12-30T17:42:15+00:00","dateModified":"2021-06-15T09:47:06+00:00","description":"Neue Funktion Kontakt-Tagebuch bei Version 1.10 der Corona-Warn-App. Alles was sie \u00fcber das neue Feature wissen m\u00fcssen!","breadcrumb":{"@id":"https:\/\/www.telefonkonferenz.de\/blog\/kontakt-tagebuch-update-fuer-corona-warn-app\/#breadcrumb"},"inLanguage":"de","potentialAction":[{"@type":"ReadAction","target":["https:\/\/www.telefonkonferenz.de\/blog\/kontakt-tagebuch-update-fuer-corona-warn-app\/"]}]},{"@type":"BreadcrumbList","@id":"https:\/\/www.telefonkonferenz.de\/blog\/kontakt-tagebuch-update-fuer-corona-warn-app\/#breadcrumb","itemListElement":[{"@type":"ListItem","position":1,"name":"Home","item":"https:\/\/www.telefonkonferenz.de\/blog\/"},{"@type":"ListItem","position":2,"name":"Kontakt-Tagebuch: Update f\u00fcr Corona-Warn-App"}]},{"@type":"Article","@id":"https:\/\/www.telefonkonferenz.de\/blog\/kontakt-tagebuch-update-fuer-corona-warn-app\/#article","isPartOf":{"@id":"https:\/\/www.telefonkonferenz.de\/blog\/kontakt-tagebuch-update-fuer-corona-warn-app\/#webpage"},"author":{"@id":"https:\/\/www.telefonkonferenz.de\/blog\/#\/schema\/person\/e2180a28a52721fd9707c0b0261b83fe"},"headline":"Kontakt-Tagebuch: Update f\u00fcr Corona-Warn-App","datePublished":"2020-12-30T17:42:15+00:00","dateModified":"2021-06-15T09:47:06+00:00","mainEntityOfPage":{"@id":"https:\/\/www.telefonkonferenz.de\/blog\/kontakt-tagebuch-update-fuer-corona-warn-app\/#webpage"},"wordCount":343,"publisher":{"@id":"https:\/\/www.telefonkonferenz.de\/blog\/#organization"},"image":{"@id":"https:\/\/www.telefonkonferenz.de\/blog\/kontakt-tagebuch-update-fuer-corona-warn-app\/#primaryimage"},"thumbnailUrl":"https:\/\/www.telefonkonferenz.de\/blog\/wp-content\/uploads\/2020\/12\/kontakt-tagebuch.jpg","keywords":["Apps","Coronavirus","Deutschland"],"articleSection":["Nachrichten"],"inLanguage":"de"},{"@type":"Person","@id":"https:\/\/www.telefonkonferenz.de\/blog\/#\/schema\/person\/e2180a28a52721fd9707c0b0261b83fe","name":"Felix","url":"https:\/\/www.telefonkonferenz.de\/blog\/author\/felix\/"}]}},"_links":{"self":[{"href":"https:\/\/www.telefonkonferenz.de\/blog\/wp-json\/wp\/v2\/posts\/2125"}],"collection":[{"href":"https:\/\/www.telefonkonferenz.de\/blog\/wp-json\/wp\/v2\/posts"}],"about":[{"href":"https:\/\/www.telefonkonferenz.de\/blog\/wp-json\/wp\/v2\/types\/post"}],"author":[{"embeddable":true,"href":"https:\/\/www.telefonkonferenz.de\/blog\/wp-json\/wp\/v2\/users\/2"}],"replies":[{"embeddable":true,"href":"https:\/\/www.telefonkonferenz.de\/blog\/wp-json\/wp\/v2\/comments?post=2125"}],"version-history":[{"count":4,"href":"https:\/\/www.telefonkonferenz.de\/blog\/wp-json\/wp\/v2\/posts\/2125\/revisions"}],"predecessor-version":[{"id":2131,"href":"https:\/\/www.telefonkonferenz.de\/blog\/wp-json\/wp\/v2\/posts\/2125\/revisions\/2131"}],"wp:attachment":[{"href":"https:\/\/www.telefonkonferenz.de\/blog\/wp-json\/wp\/v2\/media?parent=2125"}],"wp:term":[{"taxonomy":"category","embeddable":true,"href":"https:\/\/www.telefonkonferenz.de\/blog\/wp-json\/wp\/v2\/categories?post=2125"},{"taxonomy":"post_tag","embeddable":true,"href":"https:\/\/www.telefonkonferenz.de\/blog\/wp-json\/wp\/v2\/tags?post=2125"}],"curies":[{"name":"wp","href":"https:\/\/api.w.org\/{rel}","templated":true}]}}