{"id":2313,"date":"2021-07-01T13:40:31","date_gmt":"2021-07-01T11:40:31","guid":{"rendered":"https:\/\/www.telefonkonferenz.de\/blog\/?p=2313"},"modified":"2021-07-01T13:40:33","modified_gmt":"2021-07-01T11:40:33","slug":"covid-zertifikat-der-eu-so-funktioniert-der-digitale-impfpass","status":"publish","type":"post","link":"https:\/\/www.telefonkonferenz.de\/blog\/covid-zertifikat-der-eu-so-funktioniert-der-digitale-impfpass\/","title":{"rendered":"COVID-Zertifikat der EU \u2013 so funktioniert der digitale Impfpass"},"content":{"rendered":"\n<p>Seit heute ist das COVID-Zertifikat offiziell als digitaler Impfpass in Europa nutzbar. Doch wie bekommt man das Zertifikat und wo kann er bislang eingesetzt werden?<\/p><!--more-->\n\n\n\n<h2><strong>Wie bekommt man das COVID-Zertifikat?<\/strong><\/h2>\n\n\n\n<p>Das COVID-Zertifikat ist die europ\u00e4ische Version des bereits seit einigen Wochen in Deutschland erh\u00e4ltlichen <a href=\"https:\/\/www.telefonkonferenz.de\/blog\/covpass-digitaler-impfnachweis-als-app-verfuegbar\/\">CovPass<\/a>. So erfasst der <a href=\"https:\/\/ec.europa.eu\/info\/live-work-travel-eu\/coronavirus-response\/safe-covid-19-vaccines-europeans\/eu-digital-covid-certificate_de\" rel=\"nofollow\">europ\u00e4ische Pass<\/a> ebenfalls den Status der Impfung, der Genesung oder des letzten Tests des Inhabers. Die \u00fcberstandene Covid-Erkrankung darf dabei nicht weniger als 180 Tage zur\u00fccklegen. Wie lang ein negativer Test (PCR oder RAT) g\u00fcltig ist, ist derzeit nicht bekannt. Die \u00dcberpr\u00fcfung des Status findet \u2013 genau wie bei CovPass \u2013 \u00fcber einen QR-Code statt. Das Zertifikat kann in ausgedruckter oder in digitaler Form mit sich gef\u00fchrt werden und ersetzt den Impfpass bzw. eine Bescheinigung \u00fcber die Genesung oder den Teststatus. Die Laufzeit des COVID-Zertifikats ist zun\u00e4chst auf die n\u00e4chsten 12 Monate festgelegt, welche ab heute gelten. F\u00fcr die n\u00e4chsten sechs Wochen ist eine \u00dcbergangsfrist geplant, da noch nicht alle EU-Mitgliedsstaaten die Zertifikate annehmen k\u00f6nnen.<\/p>\n\n\n\n<p>In Deutschland ist das COVID-Zertifikat bereits mit dem CovPass abgedeckt. Wer sich bereits die App bzw. ihren oder seinen QR-Code geholt hat, kann diesen nun auch im europ\u00e4ischen Ausland nutzen. Dabei werden keine zus\u00e4tzlichen Daten gespeichert: Wie auch bei der deutschen L\u00f6sung ben\u00f6tigt man Name, Geburtsdatum, Impfdatum, Name der Vakzine und Chargennummer. Diese Daten speichert die App allerdings lediglich lokal auf dem Smartphone ab.<\/p>\n\n\n\n<h2><strong>Probleme<\/strong><\/h2>\n\n\n\n<p>Das COVID-Zertifikat gilt in allen EU-Mitgliedsstaaten sowie in der Schweiz, Island, Liechtenstein und Norwegen. Noch sind nicht alle Teilnehmerl\u00e4nder in der Lage, die Zertifikate zu \u00fcberpr\u00fcfen. So ist der europ\u00e4ische Impfpass in Schweden, Irland, Niederlande, Malta, Zypern, Rum\u00e4nien, Ungarn und der Schweiz noch nicht einsetzbar. Dies soll sich aber bald \u00e4ndern. Ein weiteres Problem besteht f\u00fcr Genesene. Diese ben\u00f6tigen, um als \u201esicher\u201c zu gelten zwei Zertifikate: eines \u00fcber die Genesung und eines \u00fcber die Impfung, welche sechs Monate nach der \u00fcberstandenen Krankheit f\u00e4llig ist. Das Genesungszertifikat kann derzeit allerdings noch nicht in die App eingelesen werden.<\/p>\n\n\n\n<p>Dar\u00fcber hinaus erkennt das COVID-Zertifikat nicht alle Vakzine an, die in EU-Mitgliedsstaaten ausgegeben haben. So sollen nur in der EU zugelassene Impfstoffe akzeptiert werden. Dies wird zu Problemen f\u00fcr Reisende aus Ungarn, San Marino oder der Slowakei f\u00fchren, wo Einwohnerinnen und Einwohner Sputnik V bekommen haben. Derzeit gelten diese als nicht geimpft, wenn sie beispielsweise nach Deutschland einreisen.<\/p>\n","protected":false},"excerpt":{"rendered":"<p>Seit heute ist das COVID-Zertifikat offiziell als digitaler Impfpass in Europa nutzbar. Doch wie bekommt man das Zertifikat und wo kann er bislang eingesetzt werden?<\/p>\n","protected":false},"author":2,"featured_media":0,"comment_status":"closed","ping_status":"open","sticky":false,"template":"","format":"standard","meta":{"_monsterinsights_skip_tracking":false,"_monsterinsights_sitenote_active":false,"_monsterinsights_sitenote_note":"","_monsterinsights_sitenote_category":0},"categories":[2],"tags":[265,227],"yoast_head":"<!-- This site is optimized with the Yoast SEO plugin v17.3 - https:\/\/yoast.com\/wordpress\/plugins\/seo\/ -->\n<title>COVID-Zertifikat der EU \u2013 so funktioniert der digitale Impfpass - Telefonkonferenz.de-Blog<\/title>\n<meta name=\"description\" content=\"COVID-Zertifikat ab jetzt verf\u00fcgbar - woher bekommt man den europ\u00e4ischen digitalen Pass und was muss zun\u00e4chst beachtet werden?\" \/>\n<meta name=\"robots\" content=\"index, follow, max-snippet:-1, max-image-preview:large, max-video-preview:-1\" \/>\n<link rel=\"canonical\" href=\"https:\/\/www.telefonkonferenz.de\/blog\/covid-zertifikat-der-eu-so-funktioniert-der-digitale-impfpass\/\" \/>\n<meta property=\"og:locale\" content=\"de_DE\" \/>\n<meta property=\"og:type\" content=\"article\" \/>\n<meta property=\"og:title\" content=\"COVID-Zertifikat der EU \u2013 so funktioniert der digitale Impfpass - Telefonkonferenz.de-Blog\" \/>\n<meta property=\"og:url\" content=\"https:\/\/www.telefonkonferenz.de\/blog\/covid-zertifikat-der-eu-so-funktioniert-der-digitale-impfpass\/\" \/>\n<meta property=\"og:site_name\" content=\"Telefonkonferenz.de-Blog\" \/>\n<meta property=\"article:publisher\" content=\"https:\/\/www.facebook.com\/TelefonkonferenzDe\/\" \/>\n<meta property=\"article:published_time\" content=\"2021-07-01T11:40:31+00:00\" \/>\n<meta property=\"article:modified_time\" content=\"2021-07-01T11:40:33+00:00\" \/>\n<meta property=\"og:image\" content=\"https:\/\/www.telefonkonferenz.de\/blog\/wp-content\/uploads\/2021\/07\/covid-zertifikat-scaled.jpg\" \/>\n\t<meta property=\"og:image:width\" content=\"2560\" \/>\n\t<meta property=\"og:image:height\" content=\"1700\" \/>\n<meta name=\"twitter:card\" content=\"summary_large_image\" \/>\n<meta name=\"twitter:creator\" content=\"@Telko_DE\" \/>\n<meta name=\"twitter:site\" content=\"@Telko_DE\" \/>\n<meta name=\"twitter:label1\" content=\"Verfasst von\" \/>\n\t<meta name=\"twitter:data1\" content=\"Felix\" \/>\n\t<meta name=\"twitter:label2\" content=\"Gesch\u00e4tzte Lesezeit\" \/>\n\t<meta name=\"twitter:data2\" content=\"2\u00a0Minuten\" \/>\n<script type=\"application\/ld+json\" class=\"yoast-schema-graph\">{\"@context\":\"https:\/\/schema.org\",\"@graph\":[{\"@type\":\"Organization\",\"@id\":\"https:\/\/www.telefonkonferenz.de\/blog\/#organization\",\"name\":\"Telefonkonferenz.de\",\"url\":\"https:\/\/www.telefonkonferenz.de\/blog\/\",\"sameAs\":[\"https:\/\/www.facebook.com\/TelefonkonferenzDe\/\",\"https:\/\/twitter.com\/Telko_DE\"],\"logo\":{\"@type\":\"ImageObject\",\"@id\":\"https:\/\/www.telefonkonferenz.de\/blog\/#logo\",\"inLanguage\":\"de\",\"url\":\"https:\/\/www.telefonkonferenz.de\/blog\/wp-content\/uploads\/2016\/02\/telefonkonferenz-icon-1024.png\",\"contentUrl\":\"https:\/\/www.telefonkonferenz.de\/blog\/wp-content\/uploads\/2016\/02\/telefonkonferenz-icon-1024.png\",\"width\":1024,\"height\":1024,\"caption\":\"Telefonkonferenz.de\"},\"image\":{\"@id\":\"https:\/\/www.telefonkonferenz.de\/blog\/#logo\"}},{\"@type\":\"WebSite\",\"@id\":\"https:\/\/www.telefonkonferenz.de\/blog\/#website\",\"url\":\"https:\/\/www.telefonkonferenz.de\/blog\/\",\"name\":\"Telefonkonferenz.de-Blog\",\"description\":\"\",\"publisher\":{\"@id\":\"https:\/\/www.telefonkonferenz.de\/blog\/#organization\"},\"potentialAction\":[{\"@type\":\"SearchAction\",\"target\":{\"@type\":\"EntryPoint\",\"urlTemplate\":\"https:\/\/www.telefonkonferenz.de\/blog\/?s={search_term_string}\"},\"query-input\":\"required name=search_term_string\"}],\"inLanguage\":\"de\"},{\"@type\":\"WebPage\",\"@id\":\"https:\/\/www.telefonkonferenz.de\/blog\/covid-zertifikat-der-eu-so-funktioniert-der-digitale-impfpass\/#webpage\",\"url\":\"https:\/\/www.telefonkonferenz.de\/blog\/covid-zertifikat-der-eu-so-funktioniert-der-digitale-impfpass\/\",\"name\":\"COVID-Zertifikat der EU \\u2013 so funktioniert der digitale Impfpass - Telefonkonferenz.de-Blog\",\"isPartOf\":{\"@id\":\"https:\/\/www.telefonkonferenz.de\/blog\/#website\"},\"datePublished\":\"2021-07-01T11:40:31+00:00\",\"dateModified\":\"2021-07-01T11:40:33+00:00\",\"description\":\"COVID-Zertifikat ab jetzt verf\\u00fcgbar - woher bekommt man den europ\\u00e4ischen digitalen Pass und was muss zun\\u00e4chst beachtet werden?\",\"breadcrumb\":{\"@id\":\"https:\/\/www.telefonkonferenz.de\/blog\/covid-zertifikat-der-eu-so-funktioniert-der-digitale-impfpass\/#breadcrumb\"},\"inLanguage\":\"de\",\"potentialAction\":[{\"@type\":\"ReadAction\",\"target\":[\"https:\/\/www.telefonkonferenz.de\/blog\/covid-zertifikat-der-eu-so-funktioniert-der-digitale-impfpass\/\"]}]},{\"@type\":\"BreadcrumbList\",\"@id\":\"https:\/\/www.telefonkonferenz.de\/blog\/covid-zertifikat-der-eu-so-funktioniert-der-digitale-impfpass\/#breadcrumb\",\"itemListElement\":[{\"@type\":\"ListItem\",\"position\":1,\"name\":\"Home\",\"item\":\"https:\/\/www.telefonkonferenz.de\/blog\/\"},{\"@type\":\"ListItem\",\"position\":2,\"name\":\"COVID-Zertifikat der EU \\u2013 so funktioniert der digitale Impfpass\"}]},{\"@type\":\"Article\",\"@id\":\"https:\/\/www.telefonkonferenz.de\/blog\/covid-zertifikat-der-eu-so-funktioniert-der-digitale-impfpass\/#article\",\"isPartOf\":{\"@id\":\"https:\/\/www.telefonkonferenz.de\/blog\/covid-zertifikat-der-eu-so-funktioniert-der-digitale-impfpass\/#webpage\"},\"author\":{\"@id\":\"https:\/\/www.telefonkonferenz.de\/blog\/#\/schema\/person\/e2180a28a52721fd9707c0b0261b83fe\"},\"headline\":\"COVID-Zertifikat der EU \\u2013 so funktioniert der digitale Impfpass\",\"datePublished\":\"2021-07-01T11:40:31+00:00\",\"dateModified\":\"2021-07-01T11:40:33+00:00\",\"mainEntityOfPage\":{\"@id\":\"https:\/\/www.telefonkonferenz.de\/blog\/covid-zertifikat-der-eu-so-funktioniert-der-digitale-impfpass\/#webpage\"},\"wordCount\":412,\"publisher\":{\"@id\":\"https:\/\/www.telefonkonferenz.de\/blog\/#organization\"},\"keywords\":[\"App\",\"Coronavirus\"],\"articleSection\":[\"Nachrichten\"],\"inLanguage\":\"de\"},{\"@type\":\"Person\",\"@id\":\"https:\/\/www.telefonkonferenz.de\/blog\/#\/schema\/person\/e2180a28a52721fd9707c0b0261b83fe\",\"name\":\"Felix\",\"url\":\"https:\/\/www.telefonkonferenz.de\/blog\/author\/felix\/\"}]}<\/script>\n<!-- \/ Yoast SEO plugin. -->","yoast_head_json":{"title":"COVID-Zertifikat der EU \u2013 so funktioniert der digitale Impfpass - Telefonkonferenz.de-Blog","description":"COVID-Zertifikat ab jetzt verf\u00fcgbar - woher bekommt man den europ\u00e4ischen digitalen Pass und was muss zun\u00e4chst beachtet werden?","robots":{"index":"index","follow":"follow","max-snippet":"max-snippet:-1","max-image-preview":"max-image-preview:large","max-video-preview":"max-video-preview:-1"},"canonical":"https:\/\/www.telefonkonferenz.de\/blog\/covid-zertifikat-der-eu-so-funktioniert-der-digitale-impfpass\/","og_locale":"de_DE","og_type":"article","og_title":"COVID-Zertifikat der EU \u2013 so funktioniert der digitale Impfpass - Telefonkonferenz.de-Blog","og_url":"https:\/\/www.telefonkonferenz.de\/blog\/covid-zertifikat-der-eu-so-funktioniert-der-digitale-impfpass\/","og_site_name":"Telefonkonferenz.de-Blog","article_publisher":"https:\/\/www.facebook.com\/TelefonkonferenzDe\/","article_published_time":"2021-07-01T11:40:31+00:00","article_modified_time":"2021-07-01T11:40:33+00:00","og_image":[{"width":2560,"height":1700,"url":"https:\/\/www.telefonkonferenz.de\/blog\/wp-content\/uploads\/2021\/07\/covid-zertifikat-scaled.jpg","type":"image\/jpeg"}],"twitter_card":"summary_large_image","twitter_creator":"@Telko_DE","twitter_site":"@Telko_DE","twitter_misc":{"Verfasst von":"Felix","Gesch\u00e4tzte Lesezeit":"2\u00a0Minuten"},"schema":{"@context":"https:\/\/schema.org","@graph":[{"@type":"Organization","@id":"https:\/\/www.telefonkonferenz.de\/blog\/#organization","name":"Telefonkonferenz.de","url":"https:\/\/www.telefonkonferenz.de\/blog\/","sameAs":["https:\/\/www.facebook.com\/TelefonkonferenzDe\/","https:\/\/twitter.com\/Telko_DE"],"logo":{"@type":"ImageObject","@id":"https:\/\/www.telefonkonferenz.de\/blog\/#logo","inLanguage":"de","url":"https:\/\/www.telefonkonferenz.de\/blog\/wp-content\/uploads\/2016\/02\/telefonkonferenz-icon-1024.png","contentUrl":"https:\/\/www.telefonkonferenz.de\/blog\/wp-content\/uploads\/2016\/02\/telefonkonferenz-icon-1024.png","width":1024,"height":1024,"caption":"Telefonkonferenz.de"},"image":{"@id":"https:\/\/www.telefonkonferenz.de\/blog\/#logo"}},{"@type":"WebSite","@id":"https:\/\/www.telefonkonferenz.de\/blog\/#website","url":"https:\/\/www.telefonkonferenz.de\/blog\/","name":"Telefonkonferenz.de-Blog","description":"","publisher":{"@id":"https:\/\/www.telefonkonferenz.de\/blog\/#organization"},"potentialAction":[{"@type":"SearchAction","target":{"@type":"EntryPoint","urlTemplate":"https:\/\/www.telefonkonferenz.de\/blog\/?s={search_term_string}"},"query-input":"required name=search_term_string"}],"inLanguage":"de"},{"@type":"WebPage","@id":"https:\/\/www.telefonkonferenz.de\/blog\/covid-zertifikat-der-eu-so-funktioniert-der-digitale-impfpass\/#webpage","url":"https:\/\/www.telefonkonferenz.de\/blog\/covid-zertifikat-der-eu-so-funktioniert-der-digitale-impfpass\/","name":"COVID-Zertifikat der EU \u2013 so funktioniert der digitale Impfpass - Telefonkonferenz.de-Blog","isPartOf":{"@id":"https:\/\/www.telefonkonferenz.de\/blog\/#website"},"datePublished":"2021-07-01T11:40:31+00:00","dateModified":"2021-07-01T11:40:33+00:00","description":"COVID-Zertifikat ab jetzt verf\u00fcgbar - woher bekommt man den europ\u00e4ischen digitalen Pass und was muss zun\u00e4chst beachtet werden?","breadcrumb":{"@id":"https:\/\/www.telefonkonferenz.de\/blog\/covid-zertifikat-der-eu-so-funktioniert-der-digitale-impfpass\/#breadcrumb"},"inLanguage":"de","potentialAction":[{"@type":"ReadAction","target":["https:\/\/www.telefonkonferenz.de\/blog\/covid-zertifikat-der-eu-so-funktioniert-der-digitale-impfpass\/"]}]},{"@type":"BreadcrumbList","@id":"https:\/\/www.telefonkonferenz.de\/blog\/covid-zertifikat-der-eu-so-funktioniert-der-digitale-impfpass\/#breadcrumb","itemListElement":[{"@type":"ListItem","position":1,"name":"Home","item":"https:\/\/www.telefonkonferenz.de\/blog\/"},{"@type":"ListItem","position":2,"name":"COVID-Zertifikat der EU \u2013 so funktioniert der digitale Impfpass"}]},{"@type":"Article","@id":"https:\/\/www.telefonkonferenz.de\/blog\/covid-zertifikat-der-eu-so-funktioniert-der-digitale-impfpass\/#article","isPartOf":{"@id":"https:\/\/www.telefonkonferenz.de\/blog\/covid-zertifikat-der-eu-so-funktioniert-der-digitale-impfpass\/#webpage"},"author":{"@id":"https:\/\/www.telefonkonferenz.de\/blog\/#\/schema\/person\/e2180a28a52721fd9707c0b0261b83fe"},"headline":"COVID-Zertifikat der EU \u2013 so funktioniert der digitale Impfpass","datePublished":"2021-07-01T11:40:31+00:00","dateModified":"2021-07-01T11:40:33+00:00","mainEntityOfPage":{"@id":"https:\/\/www.telefonkonferenz.de\/blog\/covid-zertifikat-der-eu-so-funktioniert-der-digitale-impfpass\/#webpage"},"wordCount":412,"publisher":{"@id":"https:\/\/www.telefonkonferenz.de\/blog\/#organization"},"keywords":["App","Coronavirus"],"articleSection":["Nachrichten"],"inLanguage":"de"},{"@type":"Person","@id":"https:\/\/www.telefonkonferenz.de\/blog\/#\/schema\/person\/e2180a28a52721fd9707c0b0261b83fe","name":"Felix","url":"https:\/\/www.telefonkonferenz.de\/blog\/author\/felix\/"}]}},"_links":{"self":[{"href":"https:\/\/www.telefonkonferenz.de\/blog\/wp-json\/wp\/v2\/posts\/2313"}],"collection":[{"href":"https:\/\/www.telefonkonferenz.de\/blog\/wp-json\/wp\/v2\/posts"}],"about":[{"href":"https:\/\/www.telefonkonferenz.de\/blog\/wp-json\/wp\/v2\/types\/post"}],"author":[{"embeddable":true,"href":"https:\/\/www.telefonkonferenz.de\/blog\/wp-json\/wp\/v2\/users\/2"}],"replies":[{"embeddable":true,"href":"https:\/\/www.telefonkonferenz.de\/blog\/wp-json\/wp\/v2\/comments?post=2313"}],"version-history":[{"count":1,"href":"https:\/\/www.telefonkonferenz.de\/blog\/wp-json\/wp\/v2\/posts\/2313\/revisions"}],"predecessor-version":[{"id":2315,"href":"https:\/\/www.telefonkonferenz.de\/blog\/wp-json\/wp\/v2\/posts\/2313\/revisions\/2315"}],"wp:attachment":[{"href":"https:\/\/www.telefonkonferenz.de\/blog\/wp-json\/wp\/v2\/media?parent=2313"}],"wp:term":[{"taxonomy":"category","embeddable":true,"href":"https:\/\/www.telefonkonferenz.de\/blog\/wp-json\/wp\/v2\/categories?post=2313"},{"taxonomy":"post_tag","embeddable":true,"href":"https:\/\/www.telefonkonferenz.de\/blog\/wp-json\/wp\/v2\/tags?post=2313"}],"curies":[{"name":"wp","href":"https:\/\/api.w.org\/{rel}","templated":true}]}}