{"id":2349,"date":"2021-08-22T13:48:59","date_gmt":"2021-08-22T11:48:59","guid":{"rendered":"https:\/\/www.telefonkonferenz.de\/blog\/?p=2349"},"modified":"2021-08-22T13:49:01","modified_gmt":"2021-08-22T11:49:01","slug":"horizon-workrooms-neue-facebook-app-ermoeglicht-vr-buero","status":"publish","type":"post","link":"https:\/\/www.telefonkonferenz.de\/blog\/horizon-workrooms-neue-facebook-app-ermoeglicht-vr-buero\/","title":{"rendered":"Horizon Workrooms \u2013 neue Facebook-App erm\u00f6glicht VR-B\u00fcro"},"content":{"rendered":"\n<p>Facebook will mit seiner neuen Anwendung m\u00f6glicherweise die Antwort auf tristen Homeoffice-Alltag bringen. Die App Horizon Workrooms soll den pers\u00f6nlichen Austausch in Meetings und Co. mit Hilfe von Virtual Reality simulieren.<\/p><!--more-->\n\n\n\n<h2><strong>Wie funktionieren Horizon Workrooms?<\/strong><\/h2>\n\n\n\n<p>Im Zuge der Corona-Pandemie versuchten bereits mehrere Unternehmen L\u00f6sungen f\u00fcr den fehlenden Austausch beim Arbeiten im Homeoffice zu finden. <a href=\"https:\/\/about.fb.com\/news\/2021\/08\/introducing-horizon-workrooms-remote-collaboration-reimagined\/\">Facebook<\/a> testet seine Anwendung mit dem Namen Horizon Workrooms schon seit einigen Monaten und scheint von seinem Konzept \u00fcberzeugt. Statt sich nur auf den Bildschirmen in Videokonferenzen zu sehen, befinden sich Teilnehmerinnen und Teilnehmer von Meetings in einem virtuellen Raum. In diesen <em>Workroom<\/em>s wird jede Person durch einen Avatar dargestellt. Dank der hauseigenen VR-Hardware und -Software <em>Oculus<\/em> soll deren Mimik und Gestik sowie die Audiowiedergabe innerhalb der Workrooms sehr immersiv und damit realit\u00e4tsnah sein.<\/p>\n\n\n\n<figure class=\"wp-block-image size-large\"><img src=\"https:\/\/www.telefonkonferenz.de\/blog\/wp-content\/uploads\/2021\/08\/horizon-workrooms-2.jpg\" alt=\"\" class=\"wp-image-2350\"\/><figcaption>Bild: Facebook<\/figcaption><\/figure>\n\n\n\n<h2><strong>Features von Horizon Workrooms<\/strong><\/h2>\n\n\n\n<p>Die virtuellen Meetingr\u00e4ume sind je nach gew\u00fcnschter Nutzung unterschiedlich gestaltet. Es k\u00f6nnen sich bis zu 16 Personen per VR-Brille einklinken und 34 im Videochat. Innerhalb des virtuellen Raumes gibt es verschiedene Tools zur Auswahl. So kann man den eigenen Bildschirminhalt anzeigen lassen, Notizen auf Zetteln machen oder Dinge f\u00fcr alle anderen Teilnehmer sichtbar auf ein virtuelles Whiteboard zeichnen. Neben diesen eingebundenen visuellen Darstellungen gibt es dar\u00fcber hinaus mehrere Funktionen, um das Teilen von Files und Tasks, Kalendereintr\u00e4gen oder Nachrichten innerhalb des Workrooms vorzunehmen.<\/p>\n\n\n\n<h2><strong>Zugangsvoraussetzungen<\/strong><\/h2>\n\n\n\n<p>Alle Teilnehmerinnen und Teilnehmer eines Workrooms m\u00fcssen \u00fcber ein aktives Facebook-Konto verf\u00fcgen. Wie bereits erw\u00e4hnt kann man einem Treffen in Horizon Workrooms auch im Videochat zuschalten, aber um die richtige VR-Erfahrung mit allen Funktionen zu erhalten, ist eine <em>Oculus Quest 2<\/em> zwingende Voraussetzung. Diese ist verschiedenen Versionen erh\u00e4ltlich, wobei die g\u00fcnstigste Variante f\u00fcr rund 350 Euro zu haben ist. Aufgrund von Rechtsstreitigkeiten zwischen Facebook und Deutschland muss man diese derzeit allerdings im Ausland bestellen und selbst importieren.<\/p>\n\n\n\n<p>Ob Horizon Workrooms wirklich die Zukunft des Remote-Arbeitens sein wird, wird sich zeigen. Die hohen Anschaffungskosten und die ungewohnte Nutzung in VR wird wohl viele abschrecken und lange Eingew\u00f6hnungszeit erfordern. Eine klassische Telefonkonferenz erfordert im Vergleich lediglich ein funktionierendes Mobil- oder Festnetztelefon. <a href=\"https:\/\/www.telefonkonferenz.de\/anleitung\">Hier<\/a> erfahren Sie, wie Sie schnell und g\u00fcnstig eine Konferenz einrichten k\u00f6nnen.<\/p>\n\n\n\n<p>Titelbild: Facebook<\/p>\n","protected":false},"excerpt":{"rendered":"<p>Facebook will mit seiner neuen Anwendung m\u00f6glicherweise die Antwort auf tristen Homeoffice-Alltag bringen. Die App Horizon Workrooms soll den pers\u00f6nlichen Austausch in Meetings und Co. mit Hilfe von Virtual Reality<\/p>\n<div class=\"more-link-wrapper\"><a class=\"more-link\" href=\"https:\/\/www.telefonkonferenz.de\/blog\/horizon-workrooms-neue-facebook-app-ermoeglicht-vr-buero\/\">Weiterlesen<span class=\"screen-reader-text\">Horizon Workrooms \u2013 neue Facebook-App erm\u00f6glicht VR-B\u00fcro<\/span><\/a><\/div>\n","protected":false},"author":2,"featured_media":0,"comment_status":"closed","ping_status":"open","sticky":false,"template":"","format":"standard","meta":{"_monsterinsights_skip_tracking":false,"_monsterinsights_sitenote_active":false,"_monsterinsights_sitenote_note":"","_monsterinsights_sitenote_category":0},"categories":[21],"tags":[226,71,26],"yoast_head":"<!-- This site is optimized with the Yoast SEO plugin v17.3 - https:\/\/yoast.com\/wordpress\/plugins\/seo\/ -->\n<title>Horizon Workrooms \u2013 neue Facebook-App erm\u00f6glicht VR-B\u00fcro - Telefonkonferenz.de-Blog<\/title>\n<meta name=\"description\" content=\"Neue Facebook-App Horizon Workrooms: Was kann die Virtual-Reality-Anwendung und was sind die Voraussetzungen f\u00fcr die Nutzung?\" \/>\n<meta name=\"robots\" content=\"index, follow, max-snippet:-1, max-image-preview:large, max-video-preview:-1\" \/>\n<link rel=\"canonical\" href=\"https:\/\/www.telefonkonferenz.de\/blog\/horizon-workrooms-neue-facebook-app-ermoeglicht-vr-buero\/\" \/>\n<meta property=\"og:locale\" content=\"de_DE\" \/>\n<meta property=\"og:type\" content=\"article\" \/>\n<meta property=\"og:title\" content=\"Horizon Workrooms \u2013 neue Facebook-App erm\u00f6glicht VR-B\u00fcro - Telefonkonferenz.de-Blog\" \/>\n<meta property=\"og:url\" content=\"https:\/\/www.telefonkonferenz.de\/blog\/horizon-workrooms-neue-facebook-app-ermoeglicht-vr-buero\/\" \/>\n<meta property=\"og:site_name\" content=\"Telefonkonferenz.de-Blog\" \/>\n<meta property=\"article:publisher\" content=\"https:\/\/www.facebook.com\/TelefonkonferenzDe\/\" \/>\n<meta property=\"article:published_time\" content=\"2021-08-22T11:48:59+00:00\" \/>\n<meta property=\"article:modified_time\" content=\"2021-08-22T11:49:01+00:00\" \/>\n<meta property=\"og:image\" content=\"https:\/\/www.telefonkonferenz.de\/blog\/wp-content\/uploads\/2021\/08\/horizon-workrooms.jpg\" \/>\n\t<meta property=\"og:image:width\" content=\"890\" \/>\n\t<meta property=\"og:image:height\" content=\"501\" \/>\n<meta name=\"twitter:card\" content=\"summary_large_image\" \/>\n<meta name=\"twitter:creator\" content=\"@Telko_DE\" \/>\n<meta name=\"twitter:site\" content=\"@Telko_DE\" \/>\n<meta name=\"twitter:label1\" content=\"Verfasst von\" \/>\n\t<meta name=\"twitter:data1\" content=\"Felix\" \/>\n\t<meta name=\"twitter:label2\" content=\"Gesch\u00e4tzte Lesezeit\" \/>\n\t<meta name=\"twitter:data2\" content=\"2\u00a0Minuten\" \/>\n<script type=\"application\/ld+json\" class=\"yoast-schema-graph\">{\"@context\":\"https:\/\/schema.org\",\"@graph\":[{\"@type\":\"Organization\",\"@id\":\"https:\/\/www.telefonkonferenz.de\/blog\/#organization\",\"name\":\"Telefonkonferenz.de\",\"url\":\"https:\/\/www.telefonkonferenz.de\/blog\/\",\"sameAs\":[\"https:\/\/www.facebook.com\/TelefonkonferenzDe\/\",\"https:\/\/twitter.com\/Telko_DE\"],\"logo\":{\"@type\":\"ImageObject\",\"@id\":\"https:\/\/www.telefonkonferenz.de\/blog\/#logo\",\"inLanguage\":\"de\",\"url\":\"https:\/\/www.telefonkonferenz.de\/blog\/wp-content\/uploads\/2016\/02\/telefonkonferenz-icon-1024.png\",\"contentUrl\":\"https:\/\/www.telefonkonferenz.de\/blog\/wp-content\/uploads\/2016\/02\/telefonkonferenz-icon-1024.png\",\"width\":1024,\"height\":1024,\"caption\":\"Telefonkonferenz.de\"},\"image\":{\"@id\":\"https:\/\/www.telefonkonferenz.de\/blog\/#logo\"}},{\"@type\":\"WebSite\",\"@id\":\"https:\/\/www.telefonkonferenz.de\/blog\/#website\",\"url\":\"https:\/\/www.telefonkonferenz.de\/blog\/\",\"name\":\"Telefonkonferenz.de-Blog\",\"description\":\"\",\"publisher\":{\"@id\":\"https:\/\/www.telefonkonferenz.de\/blog\/#organization\"},\"potentialAction\":[{\"@type\":\"SearchAction\",\"target\":{\"@type\":\"EntryPoint\",\"urlTemplate\":\"https:\/\/www.telefonkonferenz.de\/blog\/?s={search_term_string}\"},\"query-input\":\"required name=search_term_string\"}],\"inLanguage\":\"de\"},{\"@type\":\"ImageObject\",\"@id\":\"https:\/\/www.telefonkonferenz.de\/blog\/horizon-workrooms-neue-facebook-app-ermoeglicht-vr-buero\/#primaryimage\",\"inLanguage\":\"de\",\"url\":\"https:\/\/www.telefonkonferenz.de\/blog\/wp-content\/uploads\/2021\/08\/horizon-workrooms-2.jpg\",\"contentUrl\":\"https:\/\/www.telefonkonferenz.de\/blog\/wp-content\/uploads\/2021\/08\/horizon-workrooms-2.jpg\"},{\"@type\":\"WebPage\",\"@id\":\"https:\/\/www.telefonkonferenz.de\/blog\/horizon-workrooms-neue-facebook-app-ermoeglicht-vr-buero\/#webpage\",\"url\":\"https:\/\/www.telefonkonferenz.de\/blog\/horizon-workrooms-neue-facebook-app-ermoeglicht-vr-buero\/\",\"name\":\"Horizon Workrooms \\u2013 neue Facebook-App erm\\u00f6glicht VR-B\\u00fcro - Telefonkonferenz.de-Blog\",\"isPartOf\":{\"@id\":\"https:\/\/www.telefonkonferenz.de\/blog\/#website\"},\"primaryImageOfPage\":{\"@id\":\"https:\/\/www.telefonkonferenz.de\/blog\/horizon-workrooms-neue-facebook-app-ermoeglicht-vr-buero\/#primaryimage\"},\"datePublished\":\"2021-08-22T11:48:59+00:00\",\"dateModified\":\"2021-08-22T11:49:01+00:00\",\"description\":\"Neue Facebook-App Horizon Workrooms: Was kann die Virtual-Reality-Anwendung und was sind die Voraussetzungen f\\u00fcr die Nutzung?\",\"breadcrumb\":{\"@id\":\"https:\/\/www.telefonkonferenz.de\/blog\/horizon-workrooms-neue-facebook-app-ermoeglicht-vr-buero\/#breadcrumb\"},\"inLanguage\":\"de\",\"potentialAction\":[{\"@type\":\"ReadAction\",\"target\":[\"https:\/\/www.telefonkonferenz.de\/blog\/horizon-workrooms-neue-facebook-app-ermoeglicht-vr-buero\/\"]}]},{\"@type\":\"BreadcrumbList\",\"@id\":\"https:\/\/www.telefonkonferenz.de\/blog\/horizon-workrooms-neue-facebook-app-ermoeglicht-vr-buero\/#breadcrumb\",\"itemListElement\":[{\"@type\":\"ListItem\",\"position\":1,\"name\":\"Home\",\"item\":\"https:\/\/www.telefonkonferenz.de\/blog\/\"},{\"@type\":\"ListItem\",\"position\":2,\"name\":\"Horizon Workrooms \\u2013 neue Facebook-App erm\\u00f6glicht VR-B\\u00fcro\"}]},{\"@type\":\"Article\",\"@id\":\"https:\/\/www.telefonkonferenz.de\/blog\/horizon-workrooms-neue-facebook-app-ermoeglicht-vr-buero\/#article\",\"isPartOf\":{\"@id\":\"https:\/\/www.telefonkonferenz.de\/blog\/horizon-workrooms-neue-facebook-app-ermoeglicht-vr-buero\/#webpage\"},\"author\":{\"@id\":\"https:\/\/www.telefonkonferenz.de\/blog\/#\/schema\/person\/e2180a28a52721fd9707c0b0261b83fe\"},\"headline\":\"Horizon Workrooms \\u2013 neue Facebook-App erm\\u00f6glicht VR-B\\u00fcro\",\"datePublished\":\"2021-08-22T11:48:59+00:00\",\"dateModified\":\"2021-08-22T11:49:01+00:00\",\"mainEntityOfPage\":{\"@id\":\"https:\/\/www.telefonkonferenz.de\/blog\/horizon-workrooms-neue-facebook-app-ermoeglicht-vr-buero\/#webpage\"},\"wordCount\":375,\"publisher\":{\"@id\":\"https:\/\/www.telefonkonferenz.de\/blog\/#organization\"},\"image\":{\"@id\":\"https:\/\/www.telefonkonferenz.de\/blog\/horizon-workrooms-neue-facebook-app-ermoeglicht-vr-buero\/#primaryimage\"},\"thumbnailUrl\":\"https:\/\/www.telefonkonferenz.de\/blog\/wp-content\/uploads\/2021\/08\/horizon-workrooms-2.jpg\",\"keywords\":[\"Apps\",\"Facebook\",\"Virtual Reality\"],\"articleSection\":[\"Technologie\"],\"inLanguage\":\"de\"},{\"@type\":\"Person\",\"@id\":\"https:\/\/www.telefonkonferenz.de\/blog\/#\/schema\/person\/e2180a28a52721fd9707c0b0261b83fe\",\"name\":\"Felix\",\"url\":\"https:\/\/www.telefonkonferenz.de\/blog\/author\/felix\/\"}]}<\/script>\n<!-- \/ Yoast SEO plugin. -->","yoast_head_json":{"title":"Horizon Workrooms \u2013 neue Facebook-App erm\u00f6glicht VR-B\u00fcro - Telefonkonferenz.de-Blog","description":"Neue Facebook-App Horizon Workrooms: Was kann die Virtual-Reality-Anwendung und was sind die Voraussetzungen f\u00fcr die Nutzung?","robots":{"index":"index","follow":"follow","max-snippet":"max-snippet:-1","max-image-preview":"max-image-preview:large","max-video-preview":"max-video-preview:-1"},"canonical":"https:\/\/www.telefonkonferenz.de\/blog\/horizon-workrooms-neue-facebook-app-ermoeglicht-vr-buero\/","og_locale":"de_DE","og_type":"article","og_title":"Horizon Workrooms \u2013 neue Facebook-App erm\u00f6glicht VR-B\u00fcro - Telefonkonferenz.de-Blog","og_url":"https:\/\/www.telefonkonferenz.de\/blog\/horizon-workrooms-neue-facebook-app-ermoeglicht-vr-buero\/","og_site_name":"Telefonkonferenz.de-Blog","article_publisher":"https:\/\/www.facebook.com\/TelefonkonferenzDe\/","article_published_time":"2021-08-22T11:48:59+00:00","article_modified_time":"2021-08-22T11:49:01+00:00","og_image":[{"width":890,"height":501,"url":"https:\/\/www.telefonkonferenz.de\/blog\/wp-content\/uploads\/2021\/08\/horizon-workrooms.jpg","type":"image\/jpeg"}],"twitter_card":"summary_large_image","twitter_creator":"@Telko_DE","twitter_site":"@Telko_DE","twitter_misc":{"Verfasst von":"Felix","Gesch\u00e4tzte Lesezeit":"2\u00a0Minuten"},"schema":{"@context":"https:\/\/schema.org","@graph":[{"@type":"Organization","@id":"https:\/\/www.telefonkonferenz.de\/blog\/#organization","name":"Telefonkonferenz.de","url":"https:\/\/www.telefonkonferenz.de\/blog\/","sameAs":["https:\/\/www.facebook.com\/TelefonkonferenzDe\/","https:\/\/twitter.com\/Telko_DE"],"logo":{"@type":"ImageObject","@id":"https:\/\/www.telefonkonferenz.de\/blog\/#logo","inLanguage":"de","url":"https:\/\/www.telefonkonferenz.de\/blog\/wp-content\/uploads\/2016\/02\/telefonkonferenz-icon-1024.png","contentUrl":"https:\/\/www.telefonkonferenz.de\/blog\/wp-content\/uploads\/2016\/02\/telefonkonferenz-icon-1024.png","width":1024,"height":1024,"caption":"Telefonkonferenz.de"},"image":{"@id":"https:\/\/www.telefonkonferenz.de\/blog\/#logo"}},{"@type":"WebSite","@id":"https:\/\/www.telefonkonferenz.de\/blog\/#website","url":"https:\/\/www.telefonkonferenz.de\/blog\/","name":"Telefonkonferenz.de-Blog","description":"","publisher":{"@id":"https:\/\/www.telefonkonferenz.de\/blog\/#organization"},"potentialAction":[{"@type":"SearchAction","target":{"@type":"EntryPoint","urlTemplate":"https:\/\/www.telefonkonferenz.de\/blog\/?s={search_term_string}"},"query-input":"required name=search_term_string"}],"inLanguage":"de"},{"@type":"ImageObject","@id":"https:\/\/www.telefonkonferenz.de\/blog\/horizon-workrooms-neue-facebook-app-ermoeglicht-vr-buero\/#primaryimage","inLanguage":"de","url":"https:\/\/www.telefonkonferenz.de\/blog\/wp-content\/uploads\/2021\/08\/horizon-workrooms-2.jpg","contentUrl":"https:\/\/www.telefonkonferenz.de\/blog\/wp-content\/uploads\/2021\/08\/horizon-workrooms-2.jpg"},{"@type":"WebPage","@id":"https:\/\/www.telefonkonferenz.de\/blog\/horizon-workrooms-neue-facebook-app-ermoeglicht-vr-buero\/#webpage","url":"https:\/\/www.telefonkonferenz.de\/blog\/horizon-workrooms-neue-facebook-app-ermoeglicht-vr-buero\/","name":"Horizon Workrooms \u2013 neue Facebook-App erm\u00f6glicht VR-B\u00fcro - Telefonkonferenz.de-Blog","isPartOf":{"@id":"https:\/\/www.telefonkonferenz.de\/blog\/#website"},"primaryImageOfPage":{"@id":"https:\/\/www.telefonkonferenz.de\/blog\/horizon-workrooms-neue-facebook-app-ermoeglicht-vr-buero\/#primaryimage"},"datePublished":"2021-08-22T11:48:59+00:00","dateModified":"2021-08-22T11:49:01+00:00","description":"Neue Facebook-App Horizon Workrooms: Was kann die Virtual-Reality-Anwendung und was sind die Voraussetzungen f\u00fcr die Nutzung?","breadcrumb":{"@id":"https:\/\/www.telefonkonferenz.de\/blog\/horizon-workrooms-neue-facebook-app-ermoeglicht-vr-buero\/#breadcrumb"},"inLanguage":"de","potentialAction":[{"@type":"ReadAction","target":["https:\/\/www.telefonkonferenz.de\/blog\/horizon-workrooms-neue-facebook-app-ermoeglicht-vr-buero\/"]}]},{"@type":"BreadcrumbList","@id":"https:\/\/www.telefonkonferenz.de\/blog\/horizon-workrooms-neue-facebook-app-ermoeglicht-vr-buero\/#breadcrumb","itemListElement":[{"@type":"ListItem","position":1,"name":"Home","item":"https:\/\/www.telefonkonferenz.de\/blog\/"},{"@type":"ListItem","position":2,"name":"Horizon Workrooms \u2013 neue Facebook-App erm\u00f6glicht VR-B\u00fcro"}]},{"@type":"Article","@id":"https:\/\/www.telefonkonferenz.de\/blog\/horizon-workrooms-neue-facebook-app-ermoeglicht-vr-buero\/#article","isPartOf":{"@id":"https:\/\/www.telefonkonferenz.de\/blog\/horizon-workrooms-neue-facebook-app-ermoeglicht-vr-buero\/#webpage"},"author":{"@id":"https:\/\/www.telefonkonferenz.de\/blog\/#\/schema\/person\/e2180a28a52721fd9707c0b0261b83fe"},"headline":"Horizon Workrooms \u2013 neue Facebook-App erm\u00f6glicht VR-B\u00fcro","datePublished":"2021-08-22T11:48:59+00:00","dateModified":"2021-08-22T11:49:01+00:00","mainEntityOfPage":{"@id":"https:\/\/www.telefonkonferenz.de\/blog\/horizon-workrooms-neue-facebook-app-ermoeglicht-vr-buero\/#webpage"},"wordCount":375,"publisher":{"@id":"https:\/\/www.telefonkonferenz.de\/blog\/#organization"},"image":{"@id":"https:\/\/www.telefonkonferenz.de\/blog\/horizon-workrooms-neue-facebook-app-ermoeglicht-vr-buero\/#primaryimage"},"thumbnailUrl":"https:\/\/www.telefonkonferenz.de\/blog\/wp-content\/uploads\/2021\/08\/horizon-workrooms-2.jpg","keywords":["Apps","Facebook","Virtual Reality"],"articleSection":["Technologie"],"inLanguage":"de"},{"@type":"Person","@id":"https:\/\/www.telefonkonferenz.de\/blog\/#\/schema\/person\/e2180a28a52721fd9707c0b0261b83fe","name":"Felix","url":"https:\/\/www.telefonkonferenz.de\/blog\/author\/felix\/"}]}},"_links":{"self":[{"href":"https:\/\/www.telefonkonferenz.de\/blog\/wp-json\/wp\/v2\/posts\/2349"}],"collection":[{"href":"https:\/\/www.telefonkonferenz.de\/blog\/wp-json\/wp\/v2\/posts"}],"about":[{"href":"https:\/\/www.telefonkonferenz.de\/blog\/wp-json\/wp\/v2\/types\/post"}],"author":[{"embeddable":true,"href":"https:\/\/www.telefonkonferenz.de\/blog\/wp-json\/wp\/v2\/users\/2"}],"replies":[{"embeddable":true,"href":"https:\/\/www.telefonkonferenz.de\/blog\/wp-json\/wp\/v2\/comments?post=2349"}],"version-history":[{"count":1,"href":"https:\/\/www.telefonkonferenz.de\/blog\/wp-json\/wp\/v2\/posts\/2349\/revisions"}],"predecessor-version":[{"id":2353,"href":"https:\/\/www.telefonkonferenz.de\/blog\/wp-json\/wp\/v2\/posts\/2349\/revisions\/2353"}],"wp:attachment":[{"href":"https:\/\/www.telefonkonferenz.de\/blog\/wp-json\/wp\/v2\/media?parent=2349"}],"wp:term":[{"taxonomy":"category","embeddable":true,"href":"https:\/\/www.telefonkonferenz.de\/blog\/wp-json\/wp\/v2\/categories?post=2349"},{"taxonomy":"post_tag","embeddable":true,"href":"https:\/\/www.telefonkonferenz.de\/blog\/wp-json\/wp\/v2\/tags?post=2349"}],"curies":[{"name":"wp","href":"https:\/\/api.w.org\/{rel}","templated":true}]}}