{"id":2403,"date":"2021-10-30T18:45:37","date_gmt":"2021-10-30T16:45:37","guid":{"rendered":"https:\/\/www.telefonkonferenz.de\/blog\/?p=2403"},"modified":"2021-10-30T18:45:39","modified_gmt":"2021-10-30T16:45:39","slug":"meta-neuer-name-fuer-facebook-konzern","status":"publish","type":"post","link":"https:\/\/www.telefonkonferenz.de\/blog\/meta-neuer-name-fuer-facebook-konzern\/","title":{"rendered":"Meta neuer Name f\u00fcr Facebook-Konzern"},"content":{"rendered":"\n<p>Mark Zuckerberg gab im Rahmen der j\u00e4hrlichen Connect-Konferenz bekannt, dass der Facebook-Konzern ein radikales Make-Over bekommt und nun den Namen Meta tr\u00e4gt. Teil des Rebrandings ist die Ausrichtung auf ein neues Produkt: das Metaverse.<\/p><!--more-->\n\n\n\n<h2><strong>Probleme der Marke Facebook<\/strong><\/h2>\n\n\n\n<p>Ein Grund f\u00fcr die Umbenennung in Meta d\u00fcrften die inzwischen untergeordnete Stellung des sozialen Netzwerkes in dem Konzern Facebook Inc. sein. Noch vor einigen Monaten versuchte das Unternehmen scheinbar, sein namensgebendes Medium neu in den Fokus zu r\u00fccken, als es anderen Marken den Zusatz \u201e<em>from Facebook<\/em>\u201c gab. Dennoch verblasste Facebook zunehmend neben seinen Geschwistern Instagram und WhatsApp.<\/p>\n\n\n\n<p>Das soziale Netzwerk litt in den letzten Jahren unter mehreren Problemen. So begannen die Nutzerzahlen in den USA zum ersten Mal im Jahr 2018 zu stagnieren. In Europa gingen sie sogar zur\u00fcck. Grund daf\u00fcr war der Datenschutzskandal rund um Cambridge Analytica, bei dem mit Hilfe von Facebook-Nutzerdaten die \u00f6ffentliche Meinung bei Wahlen in mehreren L\u00e4ndern beeinflusst wurden. Damals musste sich Facebook-Chef Mark Zuckerberg sogar vor dem amerikanischen Senat verantworten. Auf diese folgten noch weitere Aff\u00e4ren \u2013 zuletzt als eine Ex-Mitarbeiterin brisante Unternehmensinformationen leakte.<\/p>\n\n\n\n<h2><strong>Internet 3.0?<\/strong><\/h2>\n\n\n\n<p>Mit der Umbenennung in Meta will Facebook nun seine Probleme hinter sich lassen. Doch was genau steckt hinter dem Rebranding? Laut Zuckerberg verfolgt das Unternehmen mit dem neuen Namen auch ein neues Ziel: das Metaverse. Dies soll eine allumfassende Plattform werden, die eine Mischung aus Virtual- und Augmented-Reality sein wird. Die virtuelle Welt soll die Zukunft der digitalen Kommunikation sein \u2013 ein neues Internet. So sollen sich Nutzerinnen und Nutzer mit Hilfe der hauseigenen Meta-VR-Brillen (ehemals Oculus) sowohl im Berufs- als auch im Privatleben in virtuellen R\u00e4umen zum Austausch treffen. Den ersten Schritt f\u00fcr die B\u00fcro-Anwendung tat der Konzern bereits mit <em><a href=\"https:\/\/www.telefonkonferenz.de\/blog\/horizon-workrooms-neue-facebook-app-ermoeglicht-vr-buero\/\">Horizon Workrooms<\/a><\/em>. Eine \u00e4hnliche, multi-level Applikation namens <em>Horizon Home<\/em> soll nun auch f\u00fcr private Zwecke folgen. Damit k\u00f6nnen User gemeinsame Anrufe, Spiele, Sport und Filme in der virtuellen Realit\u00e4t erleben.<\/p>\n\n\n\n<p>Bild: Meta <\/p>\n","protected":false},"excerpt":{"rendered":"<p>Mark Zuckerberg gab im Rahmen der j\u00e4hrlichen Connect-Konferenz bekannt, dass der Facebook-Konzern ein radikales Make-Over bekommt und nun den Namen Meta tr\u00e4gt. Teil des Rebrandings ist die Ausrichtung auf ein<\/p>\n<div class=\"more-link-wrapper\"><a class=\"more-link\" href=\"https:\/\/www.telefonkonferenz.de\/blog\/meta-neuer-name-fuer-facebook-konzern\/\">Weiterlesen<span class=\"screen-reader-text\">Meta neuer Name f\u00fcr Facebook-Konzern<\/span><\/a><\/div>\n","protected":false},"author":2,"featured_media":0,"comment_status":"closed","ping_status":"open","sticky":false,"template":"","format":"standard","meta":{"_monsterinsights_skip_tracking":false,"_monsterinsights_sitenote_active":false,"_monsterinsights_sitenote_note":"","_monsterinsights_sitenote_category":0},"categories":[21],"tags":[71],"yoast_head":"<!-- This site is optimized with the Yoast SEO plugin v17.3 - https:\/\/yoast.com\/wordpress\/plugins\/seo\/ -->\n<title>Meta neuer Name f\u00fcr Facebook-Konzern - Telefonkonferenz.de-Blog<\/title>\n<meta name=\"description\" content=\"Facebook Inc. hei\u00dft jetzt Meta \u2013 Alle wichtigen Infos rund um die Namens\u00e4nderung und die neue Anwendung Metaverse!\" \/>\n<meta name=\"robots\" content=\"index, follow, max-snippet:-1, max-image-preview:large, max-video-preview:-1\" \/>\n<link rel=\"canonical\" href=\"https:\/\/www.telefonkonferenz.de\/blog\/meta-neuer-name-fuer-facebook-konzern\/\" \/>\n<meta property=\"og:locale\" content=\"de_DE\" \/>\n<meta property=\"og:type\" content=\"article\" \/>\n<meta property=\"og:title\" content=\"Meta neuer Name f\u00fcr Facebook-Konzern - Telefonkonferenz.de-Blog\" \/>\n<meta property=\"og:url\" content=\"https:\/\/www.telefonkonferenz.de\/blog\/meta-neuer-name-fuer-facebook-konzern\/\" \/>\n<meta property=\"og:site_name\" content=\"Telefonkonferenz.de-Blog\" \/>\n<meta property=\"article:publisher\" content=\"https:\/\/www.facebook.com\/TelefonkonferenzDe\/\" \/>\n<meta property=\"article:published_time\" content=\"2021-10-30T16:45:37+00:00\" \/>\n<meta property=\"article:modified_time\" content=\"2021-10-30T16:45:39+00:00\" \/>\n<meta property=\"og:image\" content=\"https:\/\/www.telefonkonferenz.de\/blog\/wp-content\/uploads\/2021\/10\/meta.png\" \/>\n\t<meta property=\"og:image:width\" content=\"1401\" \/>\n\t<meta property=\"og:image:height\" content=\"719\" \/>\n<meta name=\"twitter:card\" content=\"summary_large_image\" \/>\n<meta name=\"twitter:creator\" content=\"@Telko_DE\" \/>\n<meta name=\"twitter:site\" content=\"@Telko_DE\" \/>\n<meta name=\"twitter:label1\" content=\"Verfasst von\" \/>\n\t<meta name=\"twitter:data1\" content=\"Felix\" \/>\n\t<meta name=\"twitter:label2\" content=\"Gesch\u00e4tzte Lesezeit\" \/>\n\t<meta name=\"twitter:data2\" content=\"2\u00a0Minuten\" \/>\n<script type=\"application\/ld+json\" class=\"yoast-schema-graph\">{\"@context\":\"https:\/\/schema.org\",\"@graph\":[{\"@type\":\"Organization\",\"@id\":\"https:\/\/www.telefonkonferenz.de\/blog\/#organization\",\"name\":\"Telefonkonferenz.de\",\"url\":\"https:\/\/www.telefonkonferenz.de\/blog\/\",\"sameAs\":[\"https:\/\/www.facebook.com\/TelefonkonferenzDe\/\",\"https:\/\/twitter.com\/Telko_DE\"],\"logo\":{\"@type\":\"ImageObject\",\"@id\":\"https:\/\/www.telefonkonferenz.de\/blog\/#logo\",\"inLanguage\":\"de\",\"url\":\"https:\/\/www.telefonkonferenz.de\/blog\/wp-content\/uploads\/2016\/02\/telefonkonferenz-icon-1024.png\",\"contentUrl\":\"https:\/\/www.telefonkonferenz.de\/blog\/wp-content\/uploads\/2016\/02\/telefonkonferenz-icon-1024.png\",\"width\":1024,\"height\":1024,\"caption\":\"Telefonkonferenz.de\"},\"image\":{\"@id\":\"https:\/\/www.telefonkonferenz.de\/blog\/#logo\"}},{\"@type\":\"WebSite\",\"@id\":\"https:\/\/www.telefonkonferenz.de\/blog\/#website\",\"url\":\"https:\/\/www.telefonkonferenz.de\/blog\/\",\"name\":\"Telefonkonferenz.de-Blog\",\"description\":\"\",\"publisher\":{\"@id\":\"https:\/\/www.telefonkonferenz.de\/blog\/#organization\"},\"potentialAction\":[{\"@type\":\"SearchAction\",\"target\":{\"@type\":\"EntryPoint\",\"urlTemplate\":\"https:\/\/www.telefonkonferenz.de\/blog\/?s={search_term_string}\"},\"query-input\":\"required name=search_term_string\"}],\"inLanguage\":\"de\"},{\"@type\":\"WebPage\",\"@id\":\"https:\/\/www.telefonkonferenz.de\/blog\/meta-neuer-name-fuer-facebook-konzern\/#webpage\",\"url\":\"https:\/\/www.telefonkonferenz.de\/blog\/meta-neuer-name-fuer-facebook-konzern\/\",\"name\":\"Meta neuer Name f\\u00fcr Facebook-Konzern - Telefonkonferenz.de-Blog\",\"isPartOf\":{\"@id\":\"https:\/\/www.telefonkonferenz.de\/blog\/#website\"},\"datePublished\":\"2021-10-30T16:45:37+00:00\",\"dateModified\":\"2021-10-30T16:45:39+00:00\",\"description\":\"Facebook Inc. hei\\u00dft jetzt Meta \\u2013 Alle wichtigen Infos rund um die Namens\\u00e4nderung und die neue Anwendung Metaverse!\",\"breadcrumb\":{\"@id\":\"https:\/\/www.telefonkonferenz.de\/blog\/meta-neuer-name-fuer-facebook-konzern\/#breadcrumb\"},\"inLanguage\":\"de\",\"potentialAction\":[{\"@type\":\"ReadAction\",\"target\":[\"https:\/\/www.telefonkonferenz.de\/blog\/meta-neuer-name-fuer-facebook-konzern\/\"]}]},{\"@type\":\"BreadcrumbList\",\"@id\":\"https:\/\/www.telefonkonferenz.de\/blog\/meta-neuer-name-fuer-facebook-konzern\/#breadcrumb\",\"itemListElement\":[{\"@type\":\"ListItem\",\"position\":1,\"name\":\"Home\",\"item\":\"https:\/\/www.telefonkonferenz.de\/blog\/\"},{\"@type\":\"ListItem\",\"position\":2,\"name\":\"Meta neuer Name f\\u00fcr Facebook-Konzern\"}]},{\"@type\":\"Article\",\"@id\":\"https:\/\/www.telefonkonferenz.de\/blog\/meta-neuer-name-fuer-facebook-konzern\/#article\",\"isPartOf\":{\"@id\":\"https:\/\/www.telefonkonferenz.de\/blog\/meta-neuer-name-fuer-facebook-konzern\/#webpage\"},\"author\":{\"@id\":\"https:\/\/www.telefonkonferenz.de\/blog\/#\/schema\/person\/e2180a28a52721fd9707c0b0261b83fe\"},\"headline\":\"Meta neuer Name f\\u00fcr Facebook-Konzern\",\"datePublished\":\"2021-10-30T16:45:37+00:00\",\"dateModified\":\"2021-10-30T16:45:39+00:00\",\"mainEntityOfPage\":{\"@id\":\"https:\/\/www.telefonkonferenz.de\/blog\/meta-neuer-name-fuer-facebook-konzern\/#webpage\"},\"wordCount\":330,\"publisher\":{\"@id\":\"https:\/\/www.telefonkonferenz.de\/blog\/#organization\"},\"keywords\":[\"Facebook\"],\"articleSection\":[\"Technologie\"],\"inLanguage\":\"de\"},{\"@type\":\"Person\",\"@id\":\"https:\/\/www.telefonkonferenz.de\/blog\/#\/schema\/person\/e2180a28a52721fd9707c0b0261b83fe\",\"name\":\"Felix\",\"url\":\"https:\/\/www.telefonkonferenz.de\/blog\/author\/felix\/\"}]}<\/script>\n<!-- \/ Yoast SEO plugin. -->","yoast_head_json":{"title":"Meta neuer Name f\u00fcr Facebook-Konzern - Telefonkonferenz.de-Blog","description":"Facebook Inc. hei\u00dft jetzt Meta \u2013 Alle wichtigen Infos rund um die Namens\u00e4nderung und die neue Anwendung Metaverse!","robots":{"index":"index","follow":"follow","max-snippet":"max-snippet:-1","max-image-preview":"max-image-preview:large","max-video-preview":"max-video-preview:-1"},"canonical":"https:\/\/www.telefonkonferenz.de\/blog\/meta-neuer-name-fuer-facebook-konzern\/","og_locale":"de_DE","og_type":"article","og_title":"Meta neuer Name f\u00fcr Facebook-Konzern - Telefonkonferenz.de-Blog","og_url":"https:\/\/www.telefonkonferenz.de\/blog\/meta-neuer-name-fuer-facebook-konzern\/","og_site_name":"Telefonkonferenz.de-Blog","article_publisher":"https:\/\/www.facebook.com\/TelefonkonferenzDe\/","article_published_time":"2021-10-30T16:45:37+00:00","article_modified_time":"2021-10-30T16:45:39+00:00","og_image":[{"width":1401,"height":719,"url":"https:\/\/www.telefonkonferenz.de\/blog\/wp-content\/uploads\/2021\/10\/meta.png","type":"image\/png"}],"twitter_card":"summary_large_image","twitter_creator":"@Telko_DE","twitter_site":"@Telko_DE","twitter_misc":{"Verfasst von":"Felix","Gesch\u00e4tzte Lesezeit":"2\u00a0Minuten"},"schema":{"@context":"https:\/\/schema.org","@graph":[{"@type":"Organization","@id":"https:\/\/www.telefonkonferenz.de\/blog\/#organization","name":"Telefonkonferenz.de","url":"https:\/\/www.telefonkonferenz.de\/blog\/","sameAs":["https:\/\/www.facebook.com\/TelefonkonferenzDe\/","https:\/\/twitter.com\/Telko_DE"],"logo":{"@type":"ImageObject","@id":"https:\/\/www.telefonkonferenz.de\/blog\/#logo","inLanguage":"de","url":"https:\/\/www.telefonkonferenz.de\/blog\/wp-content\/uploads\/2016\/02\/telefonkonferenz-icon-1024.png","contentUrl":"https:\/\/www.telefonkonferenz.de\/blog\/wp-content\/uploads\/2016\/02\/telefonkonferenz-icon-1024.png","width":1024,"height":1024,"caption":"Telefonkonferenz.de"},"image":{"@id":"https:\/\/www.telefonkonferenz.de\/blog\/#logo"}},{"@type":"WebSite","@id":"https:\/\/www.telefonkonferenz.de\/blog\/#website","url":"https:\/\/www.telefonkonferenz.de\/blog\/","name":"Telefonkonferenz.de-Blog","description":"","publisher":{"@id":"https:\/\/www.telefonkonferenz.de\/blog\/#organization"},"potentialAction":[{"@type":"SearchAction","target":{"@type":"EntryPoint","urlTemplate":"https:\/\/www.telefonkonferenz.de\/blog\/?s={search_term_string}"},"query-input":"required name=search_term_string"}],"inLanguage":"de"},{"@type":"WebPage","@id":"https:\/\/www.telefonkonferenz.de\/blog\/meta-neuer-name-fuer-facebook-konzern\/#webpage","url":"https:\/\/www.telefonkonferenz.de\/blog\/meta-neuer-name-fuer-facebook-konzern\/","name":"Meta neuer Name f\u00fcr Facebook-Konzern - Telefonkonferenz.de-Blog","isPartOf":{"@id":"https:\/\/www.telefonkonferenz.de\/blog\/#website"},"datePublished":"2021-10-30T16:45:37+00:00","dateModified":"2021-10-30T16:45:39+00:00","description":"Facebook Inc. hei\u00dft jetzt Meta \u2013 Alle wichtigen Infos rund um die Namens\u00e4nderung und die neue Anwendung Metaverse!","breadcrumb":{"@id":"https:\/\/www.telefonkonferenz.de\/blog\/meta-neuer-name-fuer-facebook-konzern\/#breadcrumb"},"inLanguage":"de","potentialAction":[{"@type":"ReadAction","target":["https:\/\/www.telefonkonferenz.de\/blog\/meta-neuer-name-fuer-facebook-konzern\/"]}]},{"@type":"BreadcrumbList","@id":"https:\/\/www.telefonkonferenz.de\/blog\/meta-neuer-name-fuer-facebook-konzern\/#breadcrumb","itemListElement":[{"@type":"ListItem","position":1,"name":"Home","item":"https:\/\/www.telefonkonferenz.de\/blog\/"},{"@type":"ListItem","position":2,"name":"Meta neuer Name f\u00fcr Facebook-Konzern"}]},{"@type":"Article","@id":"https:\/\/www.telefonkonferenz.de\/blog\/meta-neuer-name-fuer-facebook-konzern\/#article","isPartOf":{"@id":"https:\/\/www.telefonkonferenz.de\/blog\/meta-neuer-name-fuer-facebook-konzern\/#webpage"},"author":{"@id":"https:\/\/www.telefonkonferenz.de\/blog\/#\/schema\/person\/e2180a28a52721fd9707c0b0261b83fe"},"headline":"Meta neuer Name f\u00fcr Facebook-Konzern","datePublished":"2021-10-30T16:45:37+00:00","dateModified":"2021-10-30T16:45:39+00:00","mainEntityOfPage":{"@id":"https:\/\/www.telefonkonferenz.de\/blog\/meta-neuer-name-fuer-facebook-konzern\/#webpage"},"wordCount":330,"publisher":{"@id":"https:\/\/www.telefonkonferenz.de\/blog\/#organization"},"keywords":["Facebook"],"articleSection":["Technologie"],"inLanguage":"de"},{"@type":"Person","@id":"https:\/\/www.telefonkonferenz.de\/blog\/#\/schema\/person\/e2180a28a52721fd9707c0b0261b83fe","name":"Felix","url":"https:\/\/www.telefonkonferenz.de\/blog\/author\/felix\/"}]}},"_links":{"self":[{"href":"https:\/\/www.telefonkonferenz.de\/blog\/wp-json\/wp\/v2\/posts\/2403"}],"collection":[{"href":"https:\/\/www.telefonkonferenz.de\/blog\/wp-json\/wp\/v2\/posts"}],"about":[{"href":"https:\/\/www.telefonkonferenz.de\/blog\/wp-json\/wp\/v2\/types\/post"}],"author":[{"embeddable":true,"href":"https:\/\/www.telefonkonferenz.de\/blog\/wp-json\/wp\/v2\/users\/2"}],"replies":[{"embeddable":true,"href":"https:\/\/www.telefonkonferenz.de\/blog\/wp-json\/wp\/v2\/comments?post=2403"}],"version-history":[{"count":3,"href":"https:\/\/www.telefonkonferenz.de\/blog\/wp-json\/wp\/v2\/posts\/2403\/revisions"}],"predecessor-version":[{"id":2414,"href":"https:\/\/www.telefonkonferenz.de\/blog\/wp-json\/wp\/v2\/posts\/2403\/revisions\/2414"}],"wp:attachment":[{"href":"https:\/\/www.telefonkonferenz.de\/blog\/wp-json\/wp\/v2\/media?parent=2403"}],"wp:term":[{"taxonomy":"category","embeddable":true,"href":"https:\/\/www.telefonkonferenz.de\/blog\/wp-json\/wp\/v2\/categories?post=2403"},{"taxonomy":"post_tag","embeddable":true,"href":"https:\/\/www.telefonkonferenz.de\/blog\/wp-json\/wp\/v2\/tags?post=2403"}],"curies":[{"name":"wp","href":"https:\/\/api.w.org\/{rel}","templated":true}]}}