{"id":317,"date":"2016-09-01T17:33:42","date_gmt":"2016-09-01T15:33:42","guid":{"rendered":"https:\/\/www.telefonkonferenz.de\/blog\/?p=317"},"modified":"2016-09-01T17:33:42","modified_gmt":"2016-09-01T15:33:42","slug":"telefonkonferenz-deutschland-und-rumanien","status":"publish","type":"post","link":"https:\/\/www.telefonkonferenz.de\/blog\/telefonkonferenz-deutschland-und-rumanien\/","title":{"rendered":"Einrichten einer Telefonkonferenz zwischen Deutschland und Rum\u00e4nien"},"content":{"rendered":"<p>Rum\u00e4nien war lange Zeit mit einem schlechten Ruf behaftet. Korruption und eine schleppende Konjunktur bestimmten das Image des Landes. Dieses negative Bild Rum\u00e4niens ist jedoch endg\u00fcltig pass\u00e9.<\/p>\n<p><!--more--><\/p>\n<h2><strong>Wirtschaftlicher Aufschwung<\/strong><\/h2>\n<p>Neben der erfolgreichen Bek\u00e4mpfung der Korruption entwickelte sich die Wirtschaft Rum\u00e4niens sehr gut in den beiden vergangenen Jahren. So lag das Wirtschaftswachstum mit 2,8 % im Jahr 2014 \u00fcber dem EU-Durchschnitt. Dieser Trend setzte sich 2015 mit 3,8 % fort.<\/p>\n<p>In der Vergangenheit k\u00e4mpfte Rum\u00e4nien mit hohen Abwanderungsraten. Dabei waren die Emigranten h\u00e4ufig dringend ben\u00f6tigte Fachkr\u00e4fte. In den letzten zehn Jahren sank die Abwanderungsrate gl\u00fccklicherweise betr\u00e4chtlich. Tats\u00e4chlich betrug die Migration im Jahr 2004 noch -4,8 %. 2014 lag sie nur noch bei -0,8 %. Unter anderem trug diese Abnahme dazu bei, dass sich die Anzahl der Akademiker unter den 30 bis 34-J\u00e4hrigen nahezu verdoppelte \u2013 von 9,1 % 2002 auf 20,8 % im Jahr 2013.\u00a0(Quelle: <a href=\"http:\/\/www.dw.com\/de\/rum\u00e4nien-erfindet-sich-neu\/a-19042041\" target=\"_blank\">Deutsche Welle<\/a>)<\/p>\n<h2><strong>Wirtschaftsbeziehungen zu Deutschland<\/strong><\/h2>\n<p>Das bilaterale Handelsvolumen der beiden Nationen belief sich im Vorjahr auf 22,7 Mrd. Euro. Damit wurde der Warenaustausch der vorherigen Jahre abermals \u00fcbertroffen und eine neue Bestmarke erreicht. Die Bundesrepublik ist der wichtigste Handelspartner Rum\u00e4niens. Die Exportschlager sind unter anderem Kfz-Teile, Elektrotechnik und Maschinen.<\/p>\n<p>Dar\u00fcber hinaus stellt Deutschland nach <a href=\"https:\/\/www.telefonkonferenz.de\/blog\/telefonkonferenz-osterreich-und-deutschland\/\">\u00d6sterreich<\/a> und <a href=\"https:\/\/www.telefonkonferenz.de\/blog\/telefonkonferenz-deutschland-und-den-niederlanden\/\">den Niederlanden<\/a> den bedeutendsten Investor f\u00fcr das Land am Schwarzen Meer dar. Bis zum Ende des Jahres 2014 investierten deutsche Firmen rund 7,2 Mrd. Euro.\u00a0(Quelle: <a href=\"http:\/\/www.ost-ausschuss.de\/rum-nien\" target=\"_blank\">Ost-Ausschuss der Deutschen Wirtschaft<\/a>)<\/p>\n<p>Ein <a href=\"https:\/\/www.google.de\/flights\/#search;f=FRA,ZRB;t=OTP,BBU\" target=\"_blank\">Flug von Frankfurt am Main nach Bukarest<\/a> ben\u00f6tigt circa zweieinhalb Stunden. H\u00e4ufig ist es jedoch nicht notwendig, sich von Angesicht zu Angesicht zu treffen. In diesen F\u00e4llen ist eine Telefonkonferenz die praktischere und g\u00fcnstigere Wahl.<\/p>\n<h2><strong>Einrichten einer Telefonkonferenz <\/strong><\/h2>\n<p>Gehen Sie auf <a href=\"https:\/\/www.telefonkonferenz.de\/\">Telefonkonferenz.de<\/a>, um Ihre kostenlose PIN anzufordern. Dann klicken Sie auf \u201eTeilnehmer einladen\u201c, womit Sie eine E-Mail-Vorlage generieren.<\/p>\n<p>Geben Sie Zeit, Datum und Thema der Telefonkonferenz an, w\u00e4hlen Sie deutsche und rum\u00e4nische Einwahl-Codes, klicken Sie auf \u201eDiese Einladung kopieren\u201c, f\u00fcgen Sie diese in eine E-Mail ein und schicken sie weiter an bis zu 100\u00a0Teilnehmer.<\/p>\n<h2><strong>Einwahlnummern f\u00fcr den Anruf<\/strong><\/h2>\n<p>Zum vereinbarten Termin w\u00e4hlen Teilnehmer die folgenden Nummern und geben Ihre PIN ein:<\/p>\n<ul>\n<li><strong>deutsche Teilnehmer<\/strong> w\u00e4hlen <strong>01803-127127 <\/strong>(9 c\/min \u2013 max. 42 ct\/min aus dem deutschen Mobilfunknetz)<\/li>\n<li><strong>rum\u00e4nische Teilnehmer <\/strong>w\u00e4hlen <strong>031-0808632<\/strong> (Ortstarif)<\/li>\n<\/ul>\n<h2><strong>Ideale Anrufzeit<\/strong><\/h2>\n<p>Rum\u00e4nien ist der Bundesrepublik eine Stunde voraus. Demnach sollten Telefonkonferenzen nicht zu sp\u00e4t am Abend stattfinden.<\/p>\n","protected":false},"excerpt":{"rendered":"<p>Rum\u00e4nien war lange Zeit mit einem schlechten Ruf behaftet. Korruption und eine schleppende Konjunktur bestimmten das Image des Landes. Dieses negative Bild Rum\u00e4niens ist jedoch endg\u00fcltig pass\u00e9.<\/p>\n","protected":false},"author":1,"featured_media":0,"comment_status":"open","ping_status":"open","sticky":false,"template":"","format":"standard","meta":{"_monsterinsights_skip_tracking":false,"_monsterinsights_sitenote_active":false,"_monsterinsights_sitenote_note":"","_monsterinsights_sitenote_category":0},"categories":[3],"tags":[8,4,58],"yoast_head":"<!-- This site is optimized with the Yoast SEO plugin v17.3 - https:\/\/yoast.com\/wordpress\/plugins\/seo\/ -->\n<title>Einrichten einer Telefonkonferenz zwischen Deutschland und Rum\u00e4nien - Telefonkonferenz.de-Blog<\/title>\n<meta name=\"description\" content=\"Einfache Schritt-f\u00fcr-Schritt-Anleitung zum Einrichten einer Telefonkonferenz zwischen Deutschland und Rum\u00e4nien!\" \/>\n<meta name=\"robots\" content=\"index, follow, max-snippet:-1, max-image-preview:large, max-video-preview:-1\" \/>\n<link rel=\"canonical\" href=\"https:\/\/www.telefonkonferenz.de\/blog\/telefonkonferenz-deutschland-und-rumanien\/\" \/>\n<meta property=\"og:locale\" content=\"de_DE\" \/>\n<meta property=\"og:type\" content=\"article\" \/>\n<meta property=\"og:title\" content=\"Einrichten einer Telefonkonferenz zwischen Deutschland und Rum\u00e4nien - Telefonkonferenz.de-Blog\" \/>\n<meta property=\"og:url\" content=\"https:\/\/www.telefonkonferenz.de\/blog\/telefonkonferenz-deutschland-und-rumanien\/\" \/>\n<meta property=\"og:site_name\" content=\"Telefonkonferenz.de-Blog\" \/>\n<meta property=\"article:publisher\" content=\"https:\/\/www.facebook.com\/TelefonkonferenzDe\/\" \/>\n<meta property=\"article:published_time\" content=\"2016-09-01T15:33:42+00:00\" \/>\n<meta property=\"og:image\" content=\"https:\/\/www.telefonkonferenz.de\/blog\/wp-content\/uploads\/2016\/09\/bukarest-rumanien.jpg\" \/>\n\t<meta property=\"og:image:width\" content=\"800\" \/>\n\t<meta property=\"og:image:height\" content=\"533\" \/>\n<meta name=\"twitter:card\" content=\"summary_large_image\" \/>\n<meta name=\"twitter:creator\" content=\"@Telko_DE\" \/>\n<meta name=\"twitter:site\" content=\"@Telko_DE\" \/>\n<meta name=\"twitter:label1\" content=\"Verfasst von\" \/>\n\t<meta name=\"twitter:data1\" content=\"admin\" \/>\n\t<meta name=\"twitter:label2\" content=\"Gesch\u00e4tzte Lesezeit\" \/>\n\t<meta name=\"twitter:data2\" content=\"2\u00a0Minuten\" \/>\n<script type=\"application\/ld+json\" class=\"yoast-schema-graph\">{\"@context\":\"https:\/\/schema.org\",\"@graph\":[{\"@type\":\"Organization\",\"@id\":\"https:\/\/www.telefonkonferenz.de\/blog\/#organization\",\"name\":\"Telefonkonferenz.de\",\"url\":\"https:\/\/www.telefonkonferenz.de\/blog\/\",\"sameAs\":[\"https:\/\/www.facebook.com\/TelefonkonferenzDe\/\",\"https:\/\/twitter.com\/Telko_DE\"],\"logo\":{\"@type\":\"ImageObject\",\"@id\":\"https:\/\/www.telefonkonferenz.de\/blog\/#logo\",\"inLanguage\":\"de\",\"url\":\"https:\/\/www.telefonkonferenz.de\/blog\/wp-content\/uploads\/2016\/02\/telefonkonferenz-icon-1024.png\",\"contentUrl\":\"https:\/\/www.telefonkonferenz.de\/blog\/wp-content\/uploads\/2016\/02\/telefonkonferenz-icon-1024.png\",\"width\":1024,\"height\":1024,\"caption\":\"Telefonkonferenz.de\"},\"image\":{\"@id\":\"https:\/\/www.telefonkonferenz.de\/blog\/#logo\"}},{\"@type\":\"WebSite\",\"@id\":\"https:\/\/www.telefonkonferenz.de\/blog\/#website\",\"url\":\"https:\/\/www.telefonkonferenz.de\/blog\/\",\"name\":\"Telefonkonferenz.de-Blog\",\"description\":\"\",\"publisher\":{\"@id\":\"https:\/\/www.telefonkonferenz.de\/blog\/#organization\"},\"potentialAction\":[{\"@type\":\"SearchAction\",\"target\":{\"@type\":\"EntryPoint\",\"urlTemplate\":\"https:\/\/www.telefonkonferenz.de\/blog\/?s={search_term_string}\"},\"query-input\":\"required name=search_term_string\"}],\"inLanguage\":\"de\"},{\"@type\":\"WebPage\",\"@id\":\"https:\/\/www.telefonkonferenz.de\/blog\/telefonkonferenz-deutschland-und-rumanien\/#webpage\",\"url\":\"https:\/\/www.telefonkonferenz.de\/blog\/telefonkonferenz-deutschland-und-rumanien\/\",\"name\":\"Einrichten einer Telefonkonferenz zwischen Deutschland und Rum\\u00e4nien - Telefonkonferenz.de-Blog\",\"isPartOf\":{\"@id\":\"https:\/\/www.telefonkonferenz.de\/blog\/#website\"},\"datePublished\":\"2016-09-01T15:33:42+00:00\",\"dateModified\":\"2016-09-01T15:33:42+00:00\",\"description\":\"Einfache Schritt-f\\u00fcr-Schritt-Anleitung zum Einrichten einer Telefonkonferenz zwischen Deutschland und Rum\\u00e4nien!\",\"breadcrumb\":{\"@id\":\"https:\/\/www.telefonkonferenz.de\/blog\/telefonkonferenz-deutschland-und-rumanien\/#breadcrumb\"},\"inLanguage\":\"de\",\"potentialAction\":[{\"@type\":\"ReadAction\",\"target\":[\"https:\/\/www.telefonkonferenz.de\/blog\/telefonkonferenz-deutschland-und-rumanien\/\"]}]},{\"@type\":\"BreadcrumbList\",\"@id\":\"https:\/\/www.telefonkonferenz.de\/blog\/telefonkonferenz-deutschland-und-rumanien\/#breadcrumb\",\"itemListElement\":[{\"@type\":\"ListItem\",\"position\":1,\"name\":\"Home\",\"item\":\"https:\/\/www.telefonkonferenz.de\/blog\/\"},{\"@type\":\"ListItem\",\"position\":2,\"name\":\"Einrichten einer Telefonkonferenz zwischen Deutschland und Rum\\u00e4nien\"}]},{\"@type\":\"Article\",\"@id\":\"https:\/\/www.telefonkonferenz.de\/blog\/telefonkonferenz-deutschland-und-rumanien\/#article\",\"isPartOf\":{\"@id\":\"https:\/\/www.telefonkonferenz.de\/blog\/telefonkonferenz-deutschland-und-rumanien\/#webpage\"},\"author\":{\"@id\":\"https:\/\/www.telefonkonferenz.de\/blog\/#\/schema\/person\/74707a5a2ffa6e4a1ad5952ba56ab25c\"},\"headline\":\"Einrichten einer Telefonkonferenz zwischen Deutschland und Rum\\u00e4nien\",\"datePublished\":\"2016-09-01T15:33:42+00:00\",\"dateModified\":\"2016-09-01T15:33:42+00:00\",\"mainEntityOfPage\":{\"@id\":\"https:\/\/www.telefonkonferenz.de\/blog\/telefonkonferenz-deutschland-und-rumanien\/#webpage\"},\"wordCount\":398,\"commentCount\":0,\"publisher\":{\"@id\":\"https:\/\/www.telefonkonferenz.de\/blog\/#organization\"},\"keywords\":[\"Europa\",\"International\",\"Rum\\u00e4nien\"],\"articleSection\":[\"Anleitungen &amp; How-to's\"],\"inLanguage\":\"de\",\"potentialAction\":[{\"@type\":\"CommentAction\",\"name\":\"Comment\",\"target\":[\"https:\/\/www.telefonkonferenz.de\/blog\/telefonkonferenz-deutschland-und-rumanien\/#respond\"]}]},{\"@type\":\"Person\",\"@id\":\"https:\/\/www.telefonkonferenz.de\/blog\/#\/schema\/person\/74707a5a2ffa6e4a1ad5952ba56ab25c\",\"name\":\"admin\",\"url\":\"https:\/\/www.telefonkonferenz.de\/blog\/author\/admin\/\"}]}<\/script>\n<!-- \/ Yoast SEO plugin. -->","yoast_head_json":{"title":"Einrichten einer Telefonkonferenz zwischen Deutschland und Rum\u00e4nien - Telefonkonferenz.de-Blog","description":"Einfache Schritt-f\u00fcr-Schritt-Anleitung zum Einrichten einer Telefonkonferenz zwischen Deutschland und Rum\u00e4nien!","robots":{"index":"index","follow":"follow","max-snippet":"max-snippet:-1","max-image-preview":"max-image-preview:large","max-video-preview":"max-video-preview:-1"},"canonical":"https:\/\/www.telefonkonferenz.de\/blog\/telefonkonferenz-deutschland-und-rumanien\/","og_locale":"de_DE","og_type":"article","og_title":"Einrichten einer Telefonkonferenz zwischen Deutschland und Rum\u00e4nien - Telefonkonferenz.de-Blog","og_url":"https:\/\/www.telefonkonferenz.de\/blog\/telefonkonferenz-deutschland-und-rumanien\/","og_site_name":"Telefonkonferenz.de-Blog","article_publisher":"https:\/\/www.facebook.com\/TelefonkonferenzDe\/","article_published_time":"2016-09-01T15:33:42+00:00","og_image":[{"width":800,"height":533,"url":"https:\/\/www.telefonkonferenz.de\/blog\/wp-content\/uploads\/2016\/09\/bukarest-rumanien.jpg","type":"image\/jpeg"}],"twitter_card":"summary_large_image","twitter_creator":"@Telko_DE","twitter_site":"@Telko_DE","twitter_misc":{"Verfasst von":"admin","Gesch\u00e4tzte Lesezeit":"2\u00a0Minuten"},"schema":{"@context":"https:\/\/schema.org","@graph":[{"@type":"Organization","@id":"https:\/\/www.telefonkonferenz.de\/blog\/#organization","name":"Telefonkonferenz.de","url":"https:\/\/www.telefonkonferenz.de\/blog\/","sameAs":["https:\/\/www.facebook.com\/TelefonkonferenzDe\/","https:\/\/twitter.com\/Telko_DE"],"logo":{"@type":"ImageObject","@id":"https:\/\/www.telefonkonferenz.de\/blog\/#logo","inLanguage":"de","url":"https:\/\/www.telefonkonferenz.de\/blog\/wp-content\/uploads\/2016\/02\/telefonkonferenz-icon-1024.png","contentUrl":"https:\/\/www.telefonkonferenz.de\/blog\/wp-content\/uploads\/2016\/02\/telefonkonferenz-icon-1024.png","width":1024,"height":1024,"caption":"Telefonkonferenz.de"},"image":{"@id":"https:\/\/www.telefonkonferenz.de\/blog\/#logo"}},{"@type":"WebSite","@id":"https:\/\/www.telefonkonferenz.de\/blog\/#website","url":"https:\/\/www.telefonkonferenz.de\/blog\/","name":"Telefonkonferenz.de-Blog","description":"","publisher":{"@id":"https:\/\/www.telefonkonferenz.de\/blog\/#organization"},"potentialAction":[{"@type":"SearchAction","target":{"@type":"EntryPoint","urlTemplate":"https:\/\/www.telefonkonferenz.de\/blog\/?s={search_term_string}"},"query-input":"required name=search_term_string"}],"inLanguage":"de"},{"@type":"WebPage","@id":"https:\/\/www.telefonkonferenz.de\/blog\/telefonkonferenz-deutschland-und-rumanien\/#webpage","url":"https:\/\/www.telefonkonferenz.de\/blog\/telefonkonferenz-deutschland-und-rumanien\/","name":"Einrichten einer Telefonkonferenz zwischen Deutschland und Rum\u00e4nien - Telefonkonferenz.de-Blog","isPartOf":{"@id":"https:\/\/www.telefonkonferenz.de\/blog\/#website"},"datePublished":"2016-09-01T15:33:42+00:00","dateModified":"2016-09-01T15:33:42+00:00","description":"Einfache Schritt-f\u00fcr-Schritt-Anleitung zum Einrichten einer Telefonkonferenz zwischen Deutschland und Rum\u00e4nien!","breadcrumb":{"@id":"https:\/\/www.telefonkonferenz.de\/blog\/telefonkonferenz-deutschland-und-rumanien\/#breadcrumb"},"inLanguage":"de","potentialAction":[{"@type":"ReadAction","target":["https:\/\/www.telefonkonferenz.de\/blog\/telefonkonferenz-deutschland-und-rumanien\/"]}]},{"@type":"BreadcrumbList","@id":"https:\/\/www.telefonkonferenz.de\/blog\/telefonkonferenz-deutschland-und-rumanien\/#breadcrumb","itemListElement":[{"@type":"ListItem","position":1,"name":"Home","item":"https:\/\/www.telefonkonferenz.de\/blog\/"},{"@type":"ListItem","position":2,"name":"Einrichten einer Telefonkonferenz zwischen Deutschland und Rum\u00e4nien"}]},{"@type":"Article","@id":"https:\/\/www.telefonkonferenz.de\/blog\/telefonkonferenz-deutschland-und-rumanien\/#article","isPartOf":{"@id":"https:\/\/www.telefonkonferenz.de\/blog\/telefonkonferenz-deutschland-und-rumanien\/#webpage"},"author":{"@id":"https:\/\/www.telefonkonferenz.de\/blog\/#\/schema\/person\/74707a5a2ffa6e4a1ad5952ba56ab25c"},"headline":"Einrichten einer Telefonkonferenz zwischen Deutschland und Rum\u00e4nien","datePublished":"2016-09-01T15:33:42+00:00","dateModified":"2016-09-01T15:33:42+00:00","mainEntityOfPage":{"@id":"https:\/\/www.telefonkonferenz.de\/blog\/telefonkonferenz-deutschland-und-rumanien\/#webpage"},"wordCount":398,"commentCount":0,"publisher":{"@id":"https:\/\/www.telefonkonferenz.de\/blog\/#organization"},"keywords":["Europa","International","Rum\u00e4nien"],"articleSection":["Anleitungen &amp; How-to's"],"inLanguage":"de","potentialAction":[{"@type":"CommentAction","name":"Comment","target":["https:\/\/www.telefonkonferenz.de\/blog\/telefonkonferenz-deutschland-und-rumanien\/#respond"]}]},{"@type":"Person","@id":"https:\/\/www.telefonkonferenz.de\/blog\/#\/schema\/person\/74707a5a2ffa6e4a1ad5952ba56ab25c","name":"admin","url":"https:\/\/www.telefonkonferenz.de\/blog\/author\/admin\/"}]}},"_links":{"self":[{"href":"https:\/\/www.telefonkonferenz.de\/blog\/wp-json\/wp\/v2\/posts\/317"}],"collection":[{"href":"https:\/\/www.telefonkonferenz.de\/blog\/wp-json\/wp\/v2\/posts"}],"about":[{"href":"https:\/\/www.telefonkonferenz.de\/blog\/wp-json\/wp\/v2\/types\/post"}],"author":[{"embeddable":true,"href":"https:\/\/www.telefonkonferenz.de\/blog\/wp-json\/wp\/v2\/users\/1"}],"replies":[{"embeddable":true,"href":"https:\/\/www.telefonkonferenz.de\/blog\/wp-json\/wp\/v2\/comments?post=317"}],"version-history":[{"count":2,"href":"https:\/\/www.telefonkonferenz.de\/blog\/wp-json\/wp\/v2\/posts\/317\/revisions"}],"predecessor-version":[{"id":320,"href":"https:\/\/www.telefonkonferenz.de\/blog\/wp-json\/wp\/v2\/posts\/317\/revisions\/320"}],"wp:attachment":[{"href":"https:\/\/www.telefonkonferenz.de\/blog\/wp-json\/wp\/v2\/media?parent=317"}],"wp:term":[{"taxonomy":"category","embeddable":true,"href":"https:\/\/www.telefonkonferenz.de\/blog\/wp-json\/wp\/v2\/categories?post=317"},{"taxonomy":"post_tag","embeddable":true,"href":"https:\/\/www.telefonkonferenz.de\/blog\/wp-json\/wp\/v2\/tags?post=317"}],"curies":[{"name":"wp","href":"https:\/\/api.w.org\/{rel}","templated":true}]}}