{"id":77,"date":"2016-04-26T11:22:30","date_gmt":"2016-04-26T09:22:30","guid":{"rendered":"https:\/\/www.telefonkonferenz.de\/blog\/?p=77"},"modified":"2016-04-26T14:14:47","modified_gmt":"2016-04-26T12:14:47","slug":"telearbeit-in-deutschland","status":"publish","type":"post","link":"https:\/\/www.telefonkonferenz.de\/blog\/telearbeit-in-deutschland\/","title":{"rendered":"Telearbeit in Deutschland"},"content":{"rendered":"<p>Telearbeit, auch als E-Work bekannt, hat durch technische Neuerungen wie Computer, Internet, Video- oder <a href=\"https:\/\/www.telefonkonferenz.de\">Telefonkonferenz<\/a> in den letzten 20 Jahren massiv an Bedeutung gewonnen. Die digitale Vernetzung macht m\u00f6glich, dass ein Dienstleister Kunden aus der ganzen Welt bequem von Zuhause aus erreichen und f\u00fcr sie arbeiten kann. Selbstverst\u00e4ndlich gilt dies vor allem f\u00fcr Branchen, die in enger Verbindung zu den neuen Medien stehen &#8211; wie beispielsweise dem ITK-Sektor oder der Medienbranche.<\/p>\n<p><!--more--><\/p>\n<h2><strong>Formen der Telearbeit<\/strong><\/h2>\n<p>Es werden drei verschiedene Arten der Telearbeit unterschieden. Die Alternierende Telearbeit ist die vorherrschende Form. Dabei wird sowohl im <em>Home Office<\/em> als auch im klassischen B\u00fcro innerhalb des Unternehmens gearbeitet. Die zweite Form, die <em>Mobile Telearbeit<\/em>, zeichnet sich dadurch aus, dass der Besch\u00e4ftigte an vielen verschiedenen Orten arbeitet. Diese Form der Telearbeit wird vornehmlich von Vertretern oder Kundenbetreuern ausge\u00fcbt. Die dritte Art stellt die sogenannte <em>Teleheimarbeit<\/em> dar. Diese entspricht dem h\u00e4ufig gebrauchten Begriff Homeoffice. Dabei findet der gesamte Berufsalltag des Erwerbst\u00e4tigen in den eigenen vier W\u00e4nden statt. Das Teleheimarbeit ist besonders beliebt bei jungen Eltern.<\/p>\n<p><iframe style=\"border: 1px solid #CCC; border-width: 1px; margin-bottom: 5px; max-width: 100%;\" src=\"https:\/\/www.slideshare.net\/slideshow\/embed_code\/key\/CVv4MvToTjJ5Z\" width=\"595\" height=\"485\" frameborder=\"0\" marginwidth=\"0\" marginheight=\"0\" scrolling=\"no\" allowfullscreen=\"allowfullscreen\"> <\/iframe><\/p>\n<p>Im Vergleich zu vielen anderen L\u00e4ndern ist in Deutschland die Einstellung vieler Arbeitgeber &#8211; aber auch Arbeitnehmer &#8211; zur Telearbeit eher verhalten. So ergab eine Studie des Berufsverbands f\u00fcr Informationswirtschaft, Telekommunikation und neue Medien e. V. (<a href=\"https:\/\/www.bitkom.org\" target=\"_blank\">BITKOM<\/a>), bei der 1.500 Gesch\u00e4ftsf\u00fchrer und Personalleiter von Unternehmen aus allen Branchen befragt wurden, Folgendes: 75 % der Unternehmen haben f\u00fcr ihre gesamte Belegschaft Anwesenheitspflicht. In 11 % der Firmen m\u00fcssen mindestens Dreiviertel der Angestellten anwesend sein. Dar\u00fcber hinaus hatte keines der Unternehmen, die an der Befragung teilnahmen, eine Anwesenheitspflicht f\u00fcr weniger als die H\u00e4lfte ihrer Arbeitnehmer. Des Weiteren nimmt der Gro\u00dfteil der Befragten an, das herk\u00f6mmliche B\u00fcro werde nicht an Bedeutung verlieren. Die Befragung ergab zudem, dass ganze 64 % davon ausgehen, dass die Anzahl der Mitarbeiter, die ganz oder teilweise vom Homeoffice aus arbeiten, konstant bleiben wird. 25 % sagten dagegen, sie werde ansteigen und gerade einmal 5 % rechneten mit einem starken Anstieg.<\/p>\n<h2><strong>Vor und Nachteile<\/strong><\/h2>\n<p>Das Arbeiten im Homeoffice bietet sowohl f\u00fcr Arbeitgeber als auch Arbeitnehmer viele Vorz\u00fcge:<\/p>\n<ul>\n<li>keine oder weniger B\u00fcrofl\u00e4chen n\u00f6tig<\/li>\n<li>flexible Arbeitszeiten<\/li>\n<li>weniger Umweltverschmutzung, da keine Verkehrsmittel ben\u00f6tigt werden, um zum Arbeitsplatz zu kommen<\/li>\n<li>keine Kinderbetreuung n\u00f6tig<\/li>\n<li>bessere Work-Life-Balance<\/li>\n<li>h\u00f6here Produktivit\u00e4t<\/li>\n<\/ul>\n<p>Kritiker sehen jedoch auch einige Nachteile an diesem Arbeitsmodell:<\/p>\n<ul>\n<li>Vermischung von Beruf und Freizeit<\/li>\n<li>Isolation der Angestellten<\/li>\n<li>schlechterer Austausch unter den Mitarbeitern trotz moderner Kommunikationsm\u00f6glichkeiten wie Internet und Telefonkonferenzen<\/li>\n<li>Arbeitgeber besitzen weniger Einblick in die Arbeit ihrer Angestellten<\/li>\n<\/ul>\n<p>Abschlie\u00dfend ist zu sagen, dass ein Bedeutungsanstieg des Homeoffice dank der immer weiter zunehmenden globalen Vernetzung h\u00f6chstwahrscheinlich ist. Deshalb w\u00e4re es ratsam, dieses Arbeitsmodell nicht au\u00dfer acht zu lassen.<\/p>\n","protected":false},"excerpt":{"rendered":"<p>Telearbeit, auch als E-Work bekannt, hat durch technische Neuerungen wie Computer, Internet, Video- oder Telefonkonferenz in den letzten 20 Jahren massiv an Bedeutung gewonnen. Die digitale Vernetzung macht m\u00f6glich, dass<\/p>\n<div class=\"more-link-wrapper\"><a class=\"more-link\" href=\"https:\/\/www.telefonkonferenz.de\/blog\/telearbeit-in-deutschland\/\">Weiterlesen<span class=\"screen-reader-text\">Telearbeit in Deutschland<\/span><\/a><\/div>\n","protected":false},"author":1,"featured_media":0,"comment_status":"open","ping_status":"open","sticky":false,"template":"","format":"standard","meta":{"_monsterinsights_skip_tracking":false,"_monsterinsights_sitenote_active":false,"_monsterinsights_sitenote_note":"","_monsterinsights_sitenote_category":0},"categories":[19],"tags":[20,18,17],"yoast_head":"<!-- This site is optimized with the Yoast SEO plugin v17.3 - https:\/\/yoast.com\/wordpress\/plugins\/seo\/ -->\n<title>Telearbeit in Deutschland - Telefonkonferenz.de-Blog<\/title>\n<meta name=\"robots\" content=\"index, follow, max-snippet:-1, max-image-preview:large, max-video-preview:-1\" \/>\n<link rel=\"canonical\" href=\"https:\/\/www.telefonkonferenz.de\/blog\/telearbeit-in-deutschland\/\" \/>\n<meta property=\"og:locale\" content=\"de_DE\" \/>\n<meta property=\"og:type\" content=\"article\" \/>\n<meta property=\"og:title\" content=\"Telearbeit in Deutschland - Telefonkonferenz.de-Blog\" \/>\n<meta property=\"og:url\" content=\"https:\/\/www.telefonkonferenz.de\/blog\/telearbeit-in-deutschland\/\" \/>\n<meta property=\"og:site_name\" content=\"Telefonkonferenz.de-Blog\" \/>\n<meta property=\"article:publisher\" content=\"https:\/\/www.facebook.com\/TelefonkonferenzDe\/\" \/>\n<meta property=\"article:published_time\" content=\"2016-04-26T09:22:30+00:00\" \/>\n<meta property=\"article:modified_time\" content=\"2016-04-26T12:14:47+00:00\" \/>\n<meta property=\"og:image\" content=\"https:\/\/www.telefonkonferenz.de\/blog\/wp-content\/uploads\/2016\/04\/telearbeit-im-cafe.jpg\" \/>\n\t<meta property=\"og:image:width\" content=\"800\" \/>\n\t<meta property=\"og:image:height\" content=\"533\" \/>\n<meta name=\"twitter:card\" content=\"summary_large_image\" \/>\n<meta name=\"twitter:creator\" content=\"@Telko_DE\" \/>\n<meta name=\"twitter:site\" content=\"@Telko_DE\" \/>\n<meta name=\"twitter:label1\" content=\"Verfasst von\" \/>\n\t<meta name=\"twitter:data1\" content=\"admin\" \/>\n\t<meta name=\"twitter:label2\" content=\"Gesch\u00e4tzte Lesezeit\" \/>\n\t<meta name=\"twitter:data2\" content=\"2\u00a0Minuten\" \/>\n<script type=\"application\/ld+json\" class=\"yoast-schema-graph\">{\"@context\":\"https:\/\/schema.org\",\"@graph\":[{\"@type\":\"Organization\",\"@id\":\"https:\/\/www.telefonkonferenz.de\/blog\/#organization\",\"name\":\"Telefonkonferenz.de\",\"url\":\"https:\/\/www.telefonkonferenz.de\/blog\/\",\"sameAs\":[\"https:\/\/www.facebook.com\/TelefonkonferenzDe\/\",\"https:\/\/twitter.com\/Telko_DE\"],\"logo\":{\"@type\":\"ImageObject\",\"@id\":\"https:\/\/www.telefonkonferenz.de\/blog\/#logo\",\"inLanguage\":\"de\",\"url\":\"https:\/\/www.telefonkonferenz.de\/blog\/wp-content\/uploads\/2016\/02\/telefonkonferenz-icon-1024.png\",\"contentUrl\":\"https:\/\/www.telefonkonferenz.de\/blog\/wp-content\/uploads\/2016\/02\/telefonkonferenz-icon-1024.png\",\"width\":1024,\"height\":1024,\"caption\":\"Telefonkonferenz.de\"},\"image\":{\"@id\":\"https:\/\/www.telefonkonferenz.de\/blog\/#logo\"}},{\"@type\":\"WebSite\",\"@id\":\"https:\/\/www.telefonkonferenz.de\/blog\/#website\",\"url\":\"https:\/\/www.telefonkonferenz.de\/blog\/\",\"name\":\"Telefonkonferenz.de-Blog\",\"description\":\"\",\"publisher\":{\"@id\":\"https:\/\/www.telefonkonferenz.de\/blog\/#organization\"},\"potentialAction\":[{\"@type\":\"SearchAction\",\"target\":{\"@type\":\"EntryPoint\",\"urlTemplate\":\"https:\/\/www.telefonkonferenz.de\/blog\/?s={search_term_string}\"},\"query-input\":\"required name=search_term_string\"}],\"inLanguage\":\"de\"},{\"@type\":\"WebPage\",\"@id\":\"https:\/\/www.telefonkonferenz.de\/blog\/telearbeit-in-deutschland\/#webpage\",\"url\":\"https:\/\/www.telefonkonferenz.de\/blog\/telearbeit-in-deutschland\/\",\"name\":\"Telearbeit in Deutschland - Telefonkonferenz.de-Blog\",\"isPartOf\":{\"@id\":\"https:\/\/www.telefonkonferenz.de\/blog\/#website\"},\"datePublished\":\"2016-04-26T09:22:30+00:00\",\"dateModified\":\"2016-04-26T12:14:47+00:00\",\"breadcrumb\":{\"@id\":\"https:\/\/www.telefonkonferenz.de\/blog\/telearbeit-in-deutschland\/#breadcrumb\"},\"inLanguage\":\"de\",\"potentialAction\":[{\"@type\":\"ReadAction\",\"target\":[\"https:\/\/www.telefonkonferenz.de\/blog\/telearbeit-in-deutschland\/\"]}]},{\"@type\":\"BreadcrumbList\",\"@id\":\"https:\/\/www.telefonkonferenz.de\/blog\/telearbeit-in-deutschland\/#breadcrumb\",\"itemListElement\":[{\"@type\":\"ListItem\",\"position\":1,\"name\":\"Home\",\"item\":\"https:\/\/www.telefonkonferenz.de\/blog\/\"},{\"@type\":\"ListItem\",\"position\":2,\"name\":\"Telearbeit in Deutschland\"}]},{\"@type\":\"Article\",\"@id\":\"https:\/\/www.telefonkonferenz.de\/blog\/telearbeit-in-deutschland\/#article\",\"isPartOf\":{\"@id\":\"https:\/\/www.telefonkonferenz.de\/blog\/telearbeit-in-deutschland\/#webpage\"},\"author\":{\"@id\":\"https:\/\/www.telefonkonferenz.de\/blog\/#\/schema\/person\/74707a5a2ffa6e4a1ad5952ba56ab25c\"},\"headline\":\"Telearbeit in Deutschland\",\"datePublished\":\"2016-04-26T09:22:30+00:00\",\"dateModified\":\"2016-04-26T12:14:47+00:00\",\"mainEntityOfPage\":{\"@id\":\"https:\/\/www.telefonkonferenz.de\/blog\/telearbeit-in-deutschland\/#webpage\"},\"wordCount\":457,\"commentCount\":9,\"publisher\":{\"@id\":\"https:\/\/www.telefonkonferenz.de\/blog\/#organization\"},\"keywords\":[\"Homeoffice\",\"Studie\",\"Telearbeit\"],\"articleSection\":[\"Home Office\"],\"inLanguage\":\"de\",\"potentialAction\":[{\"@type\":\"CommentAction\",\"name\":\"Comment\",\"target\":[\"https:\/\/www.telefonkonferenz.de\/blog\/telearbeit-in-deutschland\/#respond\"]}]},{\"@type\":\"Person\",\"@id\":\"https:\/\/www.telefonkonferenz.de\/blog\/#\/schema\/person\/74707a5a2ffa6e4a1ad5952ba56ab25c\",\"name\":\"admin\",\"url\":\"https:\/\/www.telefonkonferenz.de\/blog\/author\/admin\/\"}]}<\/script>\n<!-- \/ Yoast SEO plugin. -->","yoast_head_json":{"title":"Telearbeit in Deutschland - Telefonkonferenz.de-Blog","robots":{"index":"index","follow":"follow","max-snippet":"max-snippet:-1","max-image-preview":"max-image-preview:large","max-video-preview":"max-video-preview:-1"},"canonical":"https:\/\/www.telefonkonferenz.de\/blog\/telearbeit-in-deutschland\/","og_locale":"de_DE","og_type":"article","og_title":"Telearbeit in Deutschland - Telefonkonferenz.de-Blog","og_url":"https:\/\/www.telefonkonferenz.de\/blog\/telearbeit-in-deutschland\/","og_site_name":"Telefonkonferenz.de-Blog","article_publisher":"https:\/\/www.facebook.com\/TelefonkonferenzDe\/","article_published_time":"2016-04-26T09:22:30+00:00","article_modified_time":"2016-04-26T12:14:47+00:00","og_image":[{"width":800,"height":533,"url":"https:\/\/www.telefonkonferenz.de\/blog\/wp-content\/uploads\/2016\/04\/telearbeit-im-cafe.jpg","type":"image\/jpeg"}],"twitter_card":"summary_large_image","twitter_creator":"@Telko_DE","twitter_site":"@Telko_DE","twitter_misc":{"Verfasst von":"admin","Gesch\u00e4tzte Lesezeit":"2\u00a0Minuten"},"schema":{"@context":"https:\/\/schema.org","@graph":[{"@type":"Organization","@id":"https:\/\/www.telefonkonferenz.de\/blog\/#organization","name":"Telefonkonferenz.de","url":"https:\/\/www.telefonkonferenz.de\/blog\/","sameAs":["https:\/\/www.facebook.com\/TelefonkonferenzDe\/","https:\/\/twitter.com\/Telko_DE"],"logo":{"@type":"ImageObject","@id":"https:\/\/www.telefonkonferenz.de\/blog\/#logo","inLanguage":"de","url":"https:\/\/www.telefonkonferenz.de\/blog\/wp-content\/uploads\/2016\/02\/telefonkonferenz-icon-1024.png","contentUrl":"https:\/\/www.telefonkonferenz.de\/blog\/wp-content\/uploads\/2016\/02\/telefonkonferenz-icon-1024.png","width":1024,"height":1024,"caption":"Telefonkonferenz.de"},"image":{"@id":"https:\/\/www.telefonkonferenz.de\/blog\/#logo"}},{"@type":"WebSite","@id":"https:\/\/www.telefonkonferenz.de\/blog\/#website","url":"https:\/\/www.telefonkonferenz.de\/blog\/","name":"Telefonkonferenz.de-Blog","description":"","publisher":{"@id":"https:\/\/www.telefonkonferenz.de\/blog\/#organization"},"potentialAction":[{"@type":"SearchAction","target":{"@type":"EntryPoint","urlTemplate":"https:\/\/www.telefonkonferenz.de\/blog\/?s={search_term_string}"},"query-input":"required name=search_term_string"}],"inLanguage":"de"},{"@type":"WebPage","@id":"https:\/\/www.telefonkonferenz.de\/blog\/telearbeit-in-deutschland\/#webpage","url":"https:\/\/www.telefonkonferenz.de\/blog\/telearbeit-in-deutschland\/","name":"Telearbeit in Deutschland - Telefonkonferenz.de-Blog","isPartOf":{"@id":"https:\/\/www.telefonkonferenz.de\/blog\/#website"},"datePublished":"2016-04-26T09:22:30+00:00","dateModified":"2016-04-26T12:14:47+00:00","breadcrumb":{"@id":"https:\/\/www.telefonkonferenz.de\/blog\/telearbeit-in-deutschland\/#breadcrumb"},"inLanguage":"de","potentialAction":[{"@type":"ReadAction","target":["https:\/\/www.telefonkonferenz.de\/blog\/telearbeit-in-deutschland\/"]}]},{"@type":"BreadcrumbList","@id":"https:\/\/www.telefonkonferenz.de\/blog\/telearbeit-in-deutschland\/#breadcrumb","itemListElement":[{"@type":"ListItem","position":1,"name":"Home","item":"https:\/\/www.telefonkonferenz.de\/blog\/"},{"@type":"ListItem","position":2,"name":"Telearbeit in Deutschland"}]},{"@type":"Article","@id":"https:\/\/www.telefonkonferenz.de\/blog\/telearbeit-in-deutschland\/#article","isPartOf":{"@id":"https:\/\/www.telefonkonferenz.de\/blog\/telearbeit-in-deutschland\/#webpage"},"author":{"@id":"https:\/\/www.telefonkonferenz.de\/blog\/#\/schema\/person\/74707a5a2ffa6e4a1ad5952ba56ab25c"},"headline":"Telearbeit in Deutschland","datePublished":"2016-04-26T09:22:30+00:00","dateModified":"2016-04-26T12:14:47+00:00","mainEntityOfPage":{"@id":"https:\/\/www.telefonkonferenz.de\/blog\/telearbeit-in-deutschland\/#webpage"},"wordCount":457,"commentCount":9,"publisher":{"@id":"https:\/\/www.telefonkonferenz.de\/blog\/#organization"},"keywords":["Homeoffice","Studie","Telearbeit"],"articleSection":["Home Office"],"inLanguage":"de","potentialAction":[{"@type":"CommentAction","name":"Comment","target":["https:\/\/www.telefonkonferenz.de\/blog\/telearbeit-in-deutschland\/#respond"]}]},{"@type":"Person","@id":"https:\/\/www.telefonkonferenz.de\/blog\/#\/schema\/person\/74707a5a2ffa6e4a1ad5952ba56ab25c","name":"admin","url":"https:\/\/www.telefonkonferenz.de\/blog\/author\/admin\/"}]}},"_links":{"self":[{"href":"https:\/\/www.telefonkonferenz.de\/blog\/wp-json\/wp\/v2\/posts\/77"}],"collection":[{"href":"https:\/\/www.telefonkonferenz.de\/blog\/wp-json\/wp\/v2\/posts"}],"about":[{"href":"https:\/\/www.telefonkonferenz.de\/blog\/wp-json\/wp\/v2\/types\/post"}],"author":[{"embeddable":true,"href":"https:\/\/www.telefonkonferenz.de\/blog\/wp-json\/wp\/v2\/users\/1"}],"replies":[{"embeddable":true,"href":"https:\/\/www.telefonkonferenz.de\/blog\/wp-json\/wp\/v2\/comments?post=77"}],"version-history":[{"count":26,"href":"https:\/\/www.telefonkonferenz.de\/blog\/wp-json\/wp\/v2\/posts\/77\/revisions"}],"predecessor-version":[{"id":104,"href":"https:\/\/www.telefonkonferenz.de\/blog\/wp-json\/wp\/v2\/posts\/77\/revisions\/104"}],"wp:attachment":[{"href":"https:\/\/www.telefonkonferenz.de\/blog\/wp-json\/wp\/v2\/media?parent=77"}],"wp:term":[{"taxonomy":"category","embeddable":true,"href":"https:\/\/www.telefonkonferenz.de\/blog\/wp-json\/wp\/v2\/categories?post=77"},{"taxonomy":"post_tag","embeddable":true,"href":"https:\/\/www.telefonkonferenz.de\/blog\/wp-json\/wp\/v2\/tags?post=77"}],"curies":[{"name":"wp","href":"https:\/\/api.w.org\/{rel}","templated":true}]}}