{"id":836,"date":"2017-09-13T18:10:00","date_gmt":"2017-09-13T16:10:00","guid":{"rendered":"https:\/\/www.telefonkonferenz.de\/blog\/?p=836"},"modified":"2017-09-13T18:10:20","modified_gmt":"2017-09-13T16:10:20","slug":"die-highlights-der-apple-keynote-2017","status":"publish","type":"post","link":"https:\/\/www.telefonkonferenz.de\/blog\/die-highlights-der-apple-keynote-2017\/","title":{"rendered":"Die Highlights der Apple-Keynote 2017"},"content":{"rendered":"<p>Gestern schaute die halbe Welt ins neue Steve-Jobs-Theater nach Cupertino, Kalifornien, wo bei der Apple-Keynote die neuesten Produkte des Technologieunternehmens vorgestellt wurden. Mit der neuen Apple Watch Series 3, Apple TV 4K und den iPhones iPhone X, und iPhone 8 und iPhone 8 Plus bekamen die vielen angereisten Besucher und Zuschauer per Livestream auf der ganzen Welt eine vielversprechende Show geliefert.<\/p>\n<p><!--more--><\/p>\n<h2><strong>Apple Watch Series 3<\/strong><\/h2>\n<p>Die Apple-Keynote begann mit der Vorstellung der neuen Apple Watch. Sie unterst\u00fctzt im Gegensatz zu ihren Vorg\u00e4ngern LTE, wodurch mit der Smartwatch autark telefoniert werden kann. So k\u00f6nnte man theoretisch selbst beim Schwimmen an einer <a href=\"https:\/\/www.telefonkonferenz.de\/anleitung\">Telefonkonferenz<\/a> teilnehmen. Dennoch ben\u00f6tigt man ein verkn\u00fcpftes iPhone \u2013 iPhone 6 oder neuer \u2013 um mit der Apple Watch Series 3 telefonieren zu k\u00f6nnen. Die Telefonnummer entspricht dabei der des verbundenen Mobiltelefons. Die Smartwatch kostet mit LTE 449 Euro und ohne 369 Euro und ist ab dem 22. September im Handel.<\/p>\n<p><img class=\"aligncenter wp-image-837 size-large\" src=\"https:\/\/www.telefonkonferenz.de\/blog\/wp-content\/uploads\/2017\/09\/apple-watch-series-3-1024x1024.jpg\" alt=\"\" width=\"1024\" height=\"1024\" \/><\/p>\n<h2><strong>Apple TV 4K<\/strong><\/h2>\n<p>Auch die neue Apple Set-Top-Box bekommt ein neues Alleinstellungsmerkmal: 4K und HDR-Unterst\u00fctzung. Zudem versprach Apple zahlreiche Kooperationen mit renommierten Filmstudios und Sportsendern. Gepaart mit einer benutzerfreundlichen Oberfl\u00e4che, die vom A10X-Chip angetrieben wird, soll der neue Apple TV 4K Fernsehunterhaltung auf die n\u00e4chste Stufe heben. Auch die Set-Top-Box ist ab dem 22. September erh\u00e4ltlich \u2013 zum Preis von 199 Euro.<\/p>\n<p><img class=\"aligncenter wp-image-838 size-large\" src=\"https:\/\/www.telefonkonferenz.de\/blog\/wp-content\/uploads\/2017\/09\/appletv-4k-1024x647.jpg\" alt=\"\" width=\"1024\" height=\"647\" \/><\/p>\n<h2><strong>iPhone 8<\/strong><\/h2>\n<p>Optisch erinnert das iPhone 8 stark an den Vorg\u00e4nger iPhone 7, aber der Schein tr\u00fcgt. Die schnelleren Prozessoren, das sch\u00e4rfere Display und die besseren Kameras sprechen eine deutliche Sprache. So ist der neue A11 Bionic Prozessor bis zu 70 % schneller als der A10. Das neue HD-Retina-Display (4,7 Zoll im iPhone 8, 5,5 Zoll im iPhone 8 Plus) erzeugt ein sch\u00e4rferes, kontrastreicheres Bild und soll das widerstandsf\u00e4higste Display bis dato sein.<\/p>\n<p><img class=\"aligncenter wp-image-839 size-large\" src=\"https:\/\/www.telefonkonferenz.de\/blog\/wp-content\/uploads\/2017\/09\/iphone-8-851x1024.jpg\" alt=\"\" width=\"851\" height=\"1024\" \/><\/p>\n<p>Sowohl Front- als auch die Dual-Kameras besitzen jeweils 12 Megapixel und wurden mit verbesserten Sensoren ausgestattet. Zuletzt noch ein wichtiges Feature auf das viele gewartet haben: die R\u00fcckseite des iPhone 8 besteht aus Glas, sodass es auch kabellos mit dem Ladestandard Qi geladen werden kann. So hat ist das Smartphone jederzeit griffbereit und kann in einer Gespr\u00e4chspause bei einer Telefonkonferenz dennoch kurz geladen werden. Dazu bietet Apple ab 2018 das Airpower an, eine Ladematte auf der gleichzeitig drei Apple-Ger\u00e4te geladen werden k\u00f6nnen. Das iPhone 8 gibt es ab 799 Euro, die Plus-Version ab 909 Euro und kann ab dem 15. September vorbestellt werden.<\/p>\n<h2><strong>iPhone X<\/strong><\/h2>\n<p>Das absolute Highlight der Apple-Keynote kam zum Schluss: das iPhone X. Das Premium-Smartphone hat einen randlosen 5,8-Zoll-OLED-Bildschirm \u2013 ohne Home-Button. Das besondere Feature des iPhone X ist die Face-ID. Die Gesichtserkennung l\u00f6st die Touch-ID ab und soll wesentlich sicherer sein als der Fingerabdrucksensor. Des Weiteren lassen sich mit dem digitalen Gesichtsmodell animierte Emojis, so genannte \u201eAnimojis\u201c, verschicken. Auch das iPhone X kann kabellos geladen werden. Es kostet mit 64 Gigabyte Speicher 1.149 Euro und mit 256 Gigabyte stolze 1.319 Euro und ist ab dem 3. November im Handel.<\/p>\n<p><img class=\"aligncenter wp-image-842 size-large\" src=\"https:\/\/www.telefonkonferenz.de\/blog\/wp-content\/uploads\/2017\/09\/iphone-x-aufladen-1024x931.jpg\" alt=\"\" width=\"1024\" height=\"931\" \/><\/p>\n<p>&nbsp;<\/p>\n<p>Bilder: Apple<\/p>\n","protected":false},"excerpt":{"rendered":"<p>Gestern schaute die halbe Welt ins neue Steve-Jobs-Theater nach Cupertino, Kalifornien, wo bei der Apple-Keynote die neuesten Produkte des Technologieunternehmens vorgestellt wurden. Mit der neuen Apple Watch Series 3, Apple<\/p>\n<div class=\"more-link-wrapper\"><a class=\"more-link\" href=\"https:\/\/www.telefonkonferenz.de\/blog\/die-highlights-der-apple-keynote-2017\/\">Weiterlesen<span class=\"screen-reader-text\">Die Highlights der Apple-Keynote 2017<\/span><\/a><\/div>\n","protected":false},"author":2,"featured_media":0,"comment_status":"open","ping_status":"open","sticky":false,"template":"","format":"standard","meta":{"_monsterinsights_skip_tracking":false,"_monsterinsights_sitenote_active":false,"_monsterinsights_sitenote_note":"","_monsterinsights_sitenote_category":0},"categories":[2],"tags":[146,124,23],"yoast_head":"<!-- This site is optimized with the Yoast SEO plugin v17.3 - https:\/\/yoast.com\/wordpress\/plugins\/seo\/ -->\n<title>Die Highlights der Apple-Keynote 2017 - Telefonkonferenz.de-Blog<\/title>\n<meta name=\"description\" content=\"Die Apple-Keynote 2017: alle wichtigen Details zu Apple Watch Series 3, dem Apple TV 4K, dem iPhone 8 und dem iPhone X!\" \/>\n<meta name=\"robots\" content=\"index, follow, max-snippet:-1, max-image-preview:large, max-video-preview:-1\" \/>\n<link rel=\"canonical\" href=\"https:\/\/www.telefonkonferenz.de\/blog\/die-highlights-der-apple-keynote-2017\/\" \/>\n<meta property=\"og:locale\" content=\"de_DE\" \/>\n<meta property=\"og:type\" content=\"article\" \/>\n<meta property=\"og:title\" content=\"Die Highlights der Apple-Keynote 2017 - Telefonkonferenz.de-Blog\" \/>\n<meta property=\"og:url\" content=\"https:\/\/www.telefonkonferenz.de\/blog\/die-highlights-der-apple-keynote-2017\/\" \/>\n<meta property=\"og:site_name\" content=\"Telefonkonferenz.de-Blog\" \/>\n<meta property=\"article:publisher\" content=\"https:\/\/www.facebook.com\/TelefonkonferenzDe\/\" \/>\n<meta property=\"article:published_time\" content=\"2017-09-13T16:10:00+00:00\" \/>\n<meta property=\"article:modified_time\" content=\"2017-09-13T16:10:20+00:00\" \/>\n<meta property=\"og:image\" content=\"https:\/\/www.telefonkonferenz.de\/blog\/wp-content\/uploads\/2017\/09\/iphone-x-vorderseite.jpg\" \/>\n\t<meta property=\"og:image:width\" content=\"1142\" \/>\n\t<meta property=\"og:image:height\" content=\"644\" \/>\n<meta name=\"twitter:card\" content=\"summary_large_image\" \/>\n<meta name=\"twitter:creator\" content=\"@Telko_DE\" \/>\n<meta name=\"twitter:site\" content=\"@Telko_DE\" \/>\n<meta name=\"twitter:label1\" content=\"Verfasst von\" \/>\n\t<meta name=\"twitter:data1\" content=\"Felix\" \/>\n\t<meta name=\"twitter:label2\" content=\"Gesch\u00e4tzte Lesezeit\" \/>\n\t<meta name=\"twitter:data2\" content=\"2\u00a0Minuten\" \/>\n<script type=\"application\/ld+json\" class=\"yoast-schema-graph\">{\"@context\":\"https:\/\/schema.org\",\"@graph\":[{\"@type\":\"Organization\",\"@id\":\"https:\/\/www.telefonkonferenz.de\/blog\/#organization\",\"name\":\"Telefonkonferenz.de\",\"url\":\"https:\/\/www.telefonkonferenz.de\/blog\/\",\"sameAs\":[\"https:\/\/www.facebook.com\/TelefonkonferenzDe\/\",\"https:\/\/twitter.com\/Telko_DE\"],\"logo\":{\"@type\":\"ImageObject\",\"@id\":\"https:\/\/www.telefonkonferenz.de\/blog\/#logo\",\"inLanguage\":\"de\",\"url\":\"https:\/\/www.telefonkonferenz.de\/blog\/wp-content\/uploads\/2016\/02\/telefonkonferenz-icon-1024.png\",\"contentUrl\":\"https:\/\/www.telefonkonferenz.de\/blog\/wp-content\/uploads\/2016\/02\/telefonkonferenz-icon-1024.png\",\"width\":1024,\"height\":1024,\"caption\":\"Telefonkonferenz.de\"},\"image\":{\"@id\":\"https:\/\/www.telefonkonferenz.de\/blog\/#logo\"}},{\"@type\":\"WebSite\",\"@id\":\"https:\/\/www.telefonkonferenz.de\/blog\/#website\",\"url\":\"https:\/\/www.telefonkonferenz.de\/blog\/\",\"name\":\"Telefonkonferenz.de-Blog\",\"description\":\"\",\"publisher\":{\"@id\":\"https:\/\/www.telefonkonferenz.de\/blog\/#organization\"},\"potentialAction\":[{\"@type\":\"SearchAction\",\"target\":{\"@type\":\"EntryPoint\",\"urlTemplate\":\"https:\/\/www.telefonkonferenz.de\/blog\/?s={search_term_string}\"},\"query-input\":\"required name=search_term_string\"}],\"inLanguage\":\"de\"},{\"@type\":\"ImageObject\",\"@id\":\"https:\/\/www.telefonkonferenz.de\/blog\/die-highlights-der-apple-keynote-2017\/#primaryimage\",\"inLanguage\":\"de\",\"url\":\"https:\/\/www.telefonkonferenz.de\/blog\/wp-content\/uploads\/2017\/09\/apple-watch-series-3-1024x1024.jpg\",\"contentUrl\":\"https:\/\/www.telefonkonferenz.de\/blog\/wp-content\/uploads\/2017\/09\/apple-watch-series-3-1024x1024.jpg\"},{\"@type\":\"WebPage\",\"@id\":\"https:\/\/www.telefonkonferenz.de\/blog\/die-highlights-der-apple-keynote-2017\/#webpage\",\"url\":\"https:\/\/www.telefonkonferenz.de\/blog\/die-highlights-der-apple-keynote-2017\/\",\"name\":\"Die Highlights der Apple-Keynote 2017 - Telefonkonferenz.de-Blog\",\"isPartOf\":{\"@id\":\"https:\/\/www.telefonkonferenz.de\/blog\/#website\"},\"primaryImageOfPage\":{\"@id\":\"https:\/\/www.telefonkonferenz.de\/blog\/die-highlights-der-apple-keynote-2017\/#primaryimage\"},\"datePublished\":\"2017-09-13T16:10:00+00:00\",\"dateModified\":\"2017-09-13T16:10:20+00:00\",\"description\":\"Die Apple-Keynote 2017: alle wichtigen Details zu Apple Watch Series 3, dem Apple TV 4K, dem iPhone 8 und dem iPhone X!\",\"breadcrumb\":{\"@id\":\"https:\/\/www.telefonkonferenz.de\/blog\/die-highlights-der-apple-keynote-2017\/#breadcrumb\"},\"inLanguage\":\"de\",\"potentialAction\":[{\"@type\":\"ReadAction\",\"target\":[\"https:\/\/www.telefonkonferenz.de\/blog\/die-highlights-der-apple-keynote-2017\/\"]}]},{\"@type\":\"BreadcrumbList\",\"@id\":\"https:\/\/www.telefonkonferenz.de\/blog\/die-highlights-der-apple-keynote-2017\/#breadcrumb\",\"itemListElement\":[{\"@type\":\"ListItem\",\"position\":1,\"name\":\"Home\",\"item\":\"https:\/\/www.telefonkonferenz.de\/blog\/\"},{\"@type\":\"ListItem\",\"position\":2,\"name\":\"Die Highlights der Apple-Keynote 2017\"}]},{\"@type\":\"Article\",\"@id\":\"https:\/\/www.telefonkonferenz.de\/blog\/die-highlights-der-apple-keynote-2017\/#article\",\"isPartOf\":{\"@id\":\"https:\/\/www.telefonkonferenz.de\/blog\/die-highlights-der-apple-keynote-2017\/#webpage\"},\"author\":{\"@id\":\"https:\/\/www.telefonkonferenz.de\/blog\/#\/schema\/person\/e2180a28a52721fd9707c0b0261b83fe\"},\"headline\":\"Die Highlights der Apple-Keynote 2017\",\"datePublished\":\"2017-09-13T16:10:00+00:00\",\"dateModified\":\"2017-09-13T16:10:20+00:00\",\"mainEntityOfPage\":{\"@id\":\"https:\/\/www.telefonkonferenz.de\/blog\/die-highlights-der-apple-keynote-2017\/#webpage\"},\"wordCount\":471,\"commentCount\":0,\"publisher\":{\"@id\":\"https:\/\/www.telefonkonferenz.de\/blog\/#organization\"},\"image\":{\"@id\":\"https:\/\/www.telefonkonferenz.de\/blog\/die-highlights-der-apple-keynote-2017\/#primaryimage\"},\"thumbnailUrl\":\"https:\/\/www.telefonkonferenz.de\/blog\/wp-content\/uploads\/2017\/09\/apple-watch-series-3-1024x1024.jpg\",\"keywords\":[\"Apple\",\"Mobiltelefon\",\"Technologie\"],\"articleSection\":[\"Nachrichten\"],\"inLanguage\":\"de\",\"potentialAction\":[{\"@type\":\"CommentAction\",\"name\":\"Comment\",\"target\":[\"https:\/\/www.telefonkonferenz.de\/blog\/die-highlights-der-apple-keynote-2017\/#respond\"]}]},{\"@type\":\"Person\",\"@id\":\"https:\/\/www.telefonkonferenz.de\/blog\/#\/schema\/person\/e2180a28a52721fd9707c0b0261b83fe\",\"name\":\"Felix\",\"url\":\"https:\/\/www.telefonkonferenz.de\/blog\/author\/felix\/\"}]}<\/script>\n<!-- \/ Yoast SEO plugin. -->","yoast_head_json":{"title":"Die Highlights der Apple-Keynote 2017 - Telefonkonferenz.de-Blog","description":"Die Apple-Keynote 2017: alle wichtigen Details zu Apple Watch Series 3, dem Apple TV 4K, dem iPhone 8 und dem iPhone X!","robots":{"index":"index","follow":"follow","max-snippet":"max-snippet:-1","max-image-preview":"max-image-preview:large","max-video-preview":"max-video-preview:-1"},"canonical":"https:\/\/www.telefonkonferenz.de\/blog\/die-highlights-der-apple-keynote-2017\/","og_locale":"de_DE","og_type":"article","og_title":"Die Highlights der Apple-Keynote 2017 - Telefonkonferenz.de-Blog","og_url":"https:\/\/www.telefonkonferenz.de\/blog\/die-highlights-der-apple-keynote-2017\/","og_site_name":"Telefonkonferenz.de-Blog","article_publisher":"https:\/\/www.facebook.com\/TelefonkonferenzDe\/","article_published_time":"2017-09-13T16:10:00+00:00","article_modified_time":"2017-09-13T16:10:20+00:00","og_image":[{"width":1142,"height":644,"url":"https:\/\/www.telefonkonferenz.de\/blog\/wp-content\/uploads\/2017\/09\/iphone-x-vorderseite.jpg","type":"image\/jpeg"}],"twitter_card":"summary_large_image","twitter_creator":"@Telko_DE","twitter_site":"@Telko_DE","twitter_misc":{"Verfasst von":"Felix","Gesch\u00e4tzte Lesezeit":"2\u00a0Minuten"},"schema":{"@context":"https:\/\/schema.org","@graph":[{"@type":"Organization","@id":"https:\/\/www.telefonkonferenz.de\/blog\/#organization","name":"Telefonkonferenz.de","url":"https:\/\/www.telefonkonferenz.de\/blog\/","sameAs":["https:\/\/www.facebook.com\/TelefonkonferenzDe\/","https:\/\/twitter.com\/Telko_DE"],"logo":{"@type":"ImageObject","@id":"https:\/\/www.telefonkonferenz.de\/blog\/#logo","inLanguage":"de","url":"https:\/\/www.telefonkonferenz.de\/blog\/wp-content\/uploads\/2016\/02\/telefonkonferenz-icon-1024.png","contentUrl":"https:\/\/www.telefonkonferenz.de\/blog\/wp-content\/uploads\/2016\/02\/telefonkonferenz-icon-1024.png","width":1024,"height":1024,"caption":"Telefonkonferenz.de"},"image":{"@id":"https:\/\/www.telefonkonferenz.de\/blog\/#logo"}},{"@type":"WebSite","@id":"https:\/\/www.telefonkonferenz.de\/blog\/#website","url":"https:\/\/www.telefonkonferenz.de\/blog\/","name":"Telefonkonferenz.de-Blog","description":"","publisher":{"@id":"https:\/\/www.telefonkonferenz.de\/blog\/#organization"},"potentialAction":[{"@type":"SearchAction","target":{"@type":"EntryPoint","urlTemplate":"https:\/\/www.telefonkonferenz.de\/blog\/?s={search_term_string}"},"query-input":"required name=search_term_string"}],"inLanguage":"de"},{"@type":"ImageObject","@id":"https:\/\/www.telefonkonferenz.de\/blog\/die-highlights-der-apple-keynote-2017\/#primaryimage","inLanguage":"de","url":"https:\/\/www.telefonkonferenz.de\/blog\/wp-content\/uploads\/2017\/09\/apple-watch-series-3-1024x1024.jpg","contentUrl":"https:\/\/www.telefonkonferenz.de\/blog\/wp-content\/uploads\/2017\/09\/apple-watch-series-3-1024x1024.jpg"},{"@type":"WebPage","@id":"https:\/\/www.telefonkonferenz.de\/blog\/die-highlights-der-apple-keynote-2017\/#webpage","url":"https:\/\/www.telefonkonferenz.de\/blog\/die-highlights-der-apple-keynote-2017\/","name":"Die Highlights der Apple-Keynote 2017 - Telefonkonferenz.de-Blog","isPartOf":{"@id":"https:\/\/www.telefonkonferenz.de\/blog\/#website"},"primaryImageOfPage":{"@id":"https:\/\/www.telefonkonferenz.de\/blog\/die-highlights-der-apple-keynote-2017\/#primaryimage"},"datePublished":"2017-09-13T16:10:00+00:00","dateModified":"2017-09-13T16:10:20+00:00","description":"Die Apple-Keynote 2017: alle wichtigen Details zu Apple Watch Series 3, dem Apple TV 4K, dem iPhone 8 und dem iPhone X!","breadcrumb":{"@id":"https:\/\/www.telefonkonferenz.de\/blog\/die-highlights-der-apple-keynote-2017\/#breadcrumb"},"inLanguage":"de","potentialAction":[{"@type":"ReadAction","target":["https:\/\/www.telefonkonferenz.de\/blog\/die-highlights-der-apple-keynote-2017\/"]}]},{"@type":"BreadcrumbList","@id":"https:\/\/www.telefonkonferenz.de\/blog\/die-highlights-der-apple-keynote-2017\/#breadcrumb","itemListElement":[{"@type":"ListItem","position":1,"name":"Home","item":"https:\/\/www.telefonkonferenz.de\/blog\/"},{"@type":"ListItem","position":2,"name":"Die Highlights der Apple-Keynote 2017"}]},{"@type":"Article","@id":"https:\/\/www.telefonkonferenz.de\/blog\/die-highlights-der-apple-keynote-2017\/#article","isPartOf":{"@id":"https:\/\/www.telefonkonferenz.de\/blog\/die-highlights-der-apple-keynote-2017\/#webpage"},"author":{"@id":"https:\/\/www.telefonkonferenz.de\/blog\/#\/schema\/person\/e2180a28a52721fd9707c0b0261b83fe"},"headline":"Die Highlights der Apple-Keynote 2017","datePublished":"2017-09-13T16:10:00+00:00","dateModified":"2017-09-13T16:10:20+00:00","mainEntityOfPage":{"@id":"https:\/\/www.telefonkonferenz.de\/blog\/die-highlights-der-apple-keynote-2017\/#webpage"},"wordCount":471,"commentCount":0,"publisher":{"@id":"https:\/\/www.telefonkonferenz.de\/blog\/#organization"},"image":{"@id":"https:\/\/www.telefonkonferenz.de\/blog\/die-highlights-der-apple-keynote-2017\/#primaryimage"},"thumbnailUrl":"https:\/\/www.telefonkonferenz.de\/blog\/wp-content\/uploads\/2017\/09\/apple-watch-series-3-1024x1024.jpg","keywords":["Apple","Mobiltelefon","Technologie"],"articleSection":["Nachrichten"],"inLanguage":"de","potentialAction":[{"@type":"CommentAction","name":"Comment","target":["https:\/\/www.telefonkonferenz.de\/blog\/die-highlights-der-apple-keynote-2017\/#respond"]}]},{"@type":"Person","@id":"https:\/\/www.telefonkonferenz.de\/blog\/#\/schema\/person\/e2180a28a52721fd9707c0b0261b83fe","name":"Felix","url":"https:\/\/www.telefonkonferenz.de\/blog\/author\/felix\/"}]}},"_links":{"self":[{"href":"https:\/\/www.telefonkonferenz.de\/blog\/wp-json\/wp\/v2\/posts\/836"}],"collection":[{"href":"https:\/\/www.telefonkonferenz.de\/blog\/wp-json\/wp\/v2\/posts"}],"about":[{"href":"https:\/\/www.telefonkonferenz.de\/blog\/wp-json\/wp\/v2\/types\/post"}],"author":[{"embeddable":true,"href":"https:\/\/www.telefonkonferenz.de\/blog\/wp-json\/wp\/v2\/users\/2"}],"replies":[{"embeddable":true,"href":"https:\/\/www.telefonkonferenz.de\/blog\/wp-json\/wp\/v2\/comments?post=836"}],"version-history":[{"count":3,"href":"https:\/\/www.telefonkonferenz.de\/blog\/wp-json\/wp\/v2\/posts\/836\/revisions"}],"predecessor-version":[{"id":844,"href":"https:\/\/www.telefonkonferenz.de\/blog\/wp-json\/wp\/v2\/posts\/836\/revisions\/844"}],"wp:attachment":[{"href":"https:\/\/www.telefonkonferenz.de\/blog\/wp-json\/wp\/v2\/media?parent=836"}],"wp:term":[{"taxonomy":"category","embeddable":true,"href":"https:\/\/www.telefonkonferenz.de\/blog\/wp-json\/wp\/v2\/categories?post=836"},{"taxonomy":"post_tag","embeddable":true,"href":"https:\/\/www.telefonkonferenz.de\/blog\/wp-json\/wp\/v2\/tags?post=836"}],"curies":[{"name":"wp","href":"https:\/\/api.w.org\/{rel}","templated":true}]}}